{"id":6726,"date":"2023-10-10T19:56:48","date_gmt":"2023-10-11T01:56:48","guid":{"rendered":"http:\/\/elveracruzano.vip\/?p=6726"},"modified":"2023-10-10T19:56:50","modified_gmt":"2023-10-11T01:56:50","slug":"con-apoyo-de-la-uv-se-rehabilitan-estaciones-climaticas-de-xalapa-ahuedricardo-aytoxalapa","status":"publish","type":"post","link":"http:\/\/elveracruzano.vip\/?p=6726","title":{"rendered":"Con apoyo de la UV se rehabilitan estaciones clim\u00e1ticas de Xalapa \/ @ahuedricardo @AytoXalapa >>>"},"content":{"rendered":"\n<p><strong>#Xalapa, #Ver.-<\/strong> Derivado de una reuni\u00f3n de coordinaci\u00f3n entre autoridades de la Facultad de Econom\u00eda, Geograf\u00eda y Estad\u00edstica de la Universidad Veracruzana (UV) y funcionariado de la Direcci\u00f3n de Protecci\u00f3n Civil, se realizaron labores de mantenimiento y rehabilitaci\u00f3n en las estaciones clim\u00e1ticas de Xalapa.<\/p>\n\n\n\n<p>Durante la reuni\u00f3n en la que participaron el director de la Facultad de Econom\u00eda, Ferm\u00edn Isa\u00edas Cabo Leyva; la jefa de la Licenciatura en Geograf\u00eda, Narda Mar\u00eda Garrido Mart\u00ednez, y el titular de la Direcci\u00f3n de Protecci\u00f3n Civil, Luis Sardi\u00f1a Salgado, tambi\u00e9n se acord\u00f3 el intercambio de datos climatol\u00f3gicos, mismos que servir\u00e1n a los estudiantes para desarrollar an\u00e1lisis y estudios relacionados con las precipitaciones pluviales y obtener modelos de inundaciones y escurrimientos.<\/p>\n\n\n\n<p>Con ello, se cumple el compromiso de abrir espacios en la Direcci\u00f3n de Protecci\u00f3n Civil para que el estudiantado lleve a cabo sus pr\u00e1cticas profesionales en las \u00e1reas de Dictaminaci\u00f3n y de Monitoreo Atmosf\u00e9rico y Atlas de Riesgos.<\/p>\n\n\n\n<p>Con este tipo de acciones, adem\u00e1s se refrenda el compromiso con la comunidad cient\u00edfica y acad\u00e9mica para identificar zonas de riesgo en el municipio y prevenir incidentes que afecten a la poblaci\u00f3n o su patrimonio.<\/p>\n\n\n\n<p><strong>#ElVeracruzanoVIP &#8211; <\/strong><a href=\"https:\/\/www.facebook.com\/ElVeracruzanoVIP\/\">El Veracruzano VIP<\/a><\/p>\n","protected":false},"excerpt":{"rendered":"<p>#Xalapa, #Ver.- Derivado de una reuni\u00f3n de coordinaci\u00f3n entre autoridades de la Facultad de Econom\u00eda, Geograf\u00eda y Estad\u00edstica de la<\/p>\n","protected":false},"author":4,"featured_media":6727,"comment_status":"open","ping_status":"open","sticky":false,"template":"","format":"standard","meta":{"colormag_page_container_layout":"default_layout","colormag_page_sidebar_layout":"default_layout","rop_custom_images_group":[],"rop_custom_messages_group":[],"rop_publish_now":"initial","rop_publish_now_accounts":{"facebook_109133384920963_108472061465099":""},"rop_publish_now_history":[],"rop_publish_now_status":"pending","footnotes":""},"categories":[11],"tags":[20,19,77,21,32],"class_list":["post-6726","post","type-post","status-publish","format-standard","has-post-thumbnail","hentry","category-municipios-destacados","tag-enterate","tag-redes-sociales","tag-ricardo-ahued-bardahuil","tag-ultima-hora","tag-xalapa"],"_links":{"self":[{"href":"http:\/\/elveracruzano.vip\/index.php?rest_route=\/wp\/v2\/posts\/6726","targetHints":{"allow":["GET"]}}],"collection":[{"href":"http:\/\/elveracruzano.vip\/index.php?rest_route=\/wp\/v2\/posts"}],"about":[{"href":"http:\/\/elveracruzano.vip\/index.php?rest_route=\/wp\/v2\/types\/post"}],"author":[{"embeddable":true,"href":"http:\/\/elveracruzano.vip\/index.php?rest_route=\/wp\/v2\/users\/4"}],"replies":[{"embeddable":true,"href":"http:\/\/elveracruzano.vip\/index.php?rest_route=%2Fwp%2Fv2%2Fcomments&post=6726"}],"version-history":[{"count":1,"href":"http:\/\/elveracruzano.vip\/index.php?rest_route=\/wp\/v2\/posts\/6726\/revisions"}],"predecessor-version":[{"id":6728,"href":"http:\/\/elveracruzano.vip\/index.php?rest_route=\/wp\/v2\/posts\/6726\/revisions\/6728"}],"wp:featuredmedia":[{"embeddable":true,"href":"http:\/\/elveracruzano.vip\/index.php?rest_route=\/wp\/v2\/media\/6727"}],"wp:attachment":[{"href":"http:\/\/elveracruzano.vip\/index.php?rest_route=%2Fwp%2Fv2%2Fmedia&parent=6726"}],"wp:term":[{"taxonomy":"category","embeddable":true,"href":"http:\/\/elveracruzano.vip\/index.php?rest_route=%2Fwp%2Fv2%2Fcategories&post=6726"},{"taxonomy":"post_tag","embeddable":true,"href":"http:\/\/elveracruzano.vip\/index.php?rest_route=%2Fwp%2Fv2%2Ftags&post=6726"}],"curies":[{"name":"wp","href":"https:\/\/api.w.org\/{rel}","templated":true}]}}