{"id":6674,"date":"2023-10-03T18:59:26","date_gmt":"2023-10-04T00:59:26","guid":{"rendered":"http:\/\/elveracruzano.vip\/?p=6674"},"modified":"2023-10-03T18:59:28","modified_gmt":"2023-10-04T00:59:28","slug":"la-inteligencia-policial-prevalece-sobre-la-fuerza-en-la-estrategia-de-seguridad-cuitlahuacgj-gobiernover","status":"publish","type":"post","link":"http:\/\/elveracruzano.vip\/?p=6674","title":{"rendered":"La inteligencia policial prevalece sobre la fuerza en la estrategia de seguridad \/ @CuitlahuacGJ @GobiernoVer >>>"},"content":{"rendered":"\n<p><strong>#GobiernoDeVeracruz.-<\/strong> Al menos 90 oficiales de 10 pa\u00edses de Am\u00e9rica Latina han egresado del Diplomado T\u00e1ctico K9: Perros Multiprop\u00f3sito impartido por el Agrupamiento Canino de la Fuerza Civil, que hoy inaugura la tercera edici\u00f3n internacional en t\u00e9cnicas y habilidades preventivas del delito en el que participar\u00e1n 15 instructores de cinco nacionalidades.<\/p>\n\n\n\n<p>En el evento de arranque, el gobernador Cuitl\u00e1huac Garc\u00eda Jim\u00e9nez destac\u00f3 lo anterior como una estrategia de inteligencia policial que debe prevalecer sobre el enfrentamiento directo con los grupos de la delincuencia, manifestando el orgullo de ofrecer en Veracruz uno de los cursos m\u00e1s reconocidos y certificados por otros gobiernos.<\/p>\n\n\n\n<p>Convencido de la acertada pol\u00edtica de seguridad, subray\u00f3 la reducci\u00f3n del 42 por ciento en homicidio doloso y m\u00e1s del 80 de secuestro en la entidad, a lo cual ha contribuido la Compa\u00f1\u00eda K9 tras decomisar 387 kilogramos de marihuana, 63 de coca\u00edna y m\u00e1s de mil dosis de LSD, poniendo a disposici\u00f3n de la autoridad a 20 personas por delitos del fuero federal y 445 del fuero com\u00fan, tan s\u00f3lo el presente a\u00f1o.<\/p>\n\n\n\n<p>De acuerdo con el secretario de Seguridad P\u00fablica, Cuauht\u00e9moc Z\u00fa\u00f1iga Bonilla, una de las prioridades es consolidar a las corporaciones en el \u00e1mbito internacional y por ello el Diplomado est\u00e1 certificado por el Secretariado Ejecutivo del Sistema Nacional de Seguridad P\u00fablica y la Asociaci\u00f3n Internacional de Formaci\u00f3n y Capacitaci\u00f3n de Adiestradores de Perros.<\/p>\n\n\n\n<p>Los siguientes 45 d\u00edas, el Centro de Estudios e Investigaci\u00f3n en Seguridad albergar\u00e1 a elementos militares y policiales de Costa Rica, Ecuador, Panam\u00e1, Per\u00fa y M\u00e9xico, quienes ser\u00e1n instruidos en detecci\u00f3n de narc\u00f3ticos y explosivos, b\u00fasqueda de personas, guardia y protecci\u00f3n, operaci\u00f3n t\u00e1ctica y proximidad ciudadana.<\/p>\n\n\n\n<p>Durante 298 horas, el programa estar\u00e1 dividido en 14 asignaturas, incluyendo Marco legal, Crianza selectiva, Fortalecimiento psicol\u00f3gico de cachorros, Intervenci\u00f3n y recuperaci\u00f3n de un reh\u00e9n, Trabajo con fuego real, Control y reacci\u00f3n, T\u00e9cnicas de bozaleo, Interacci\u00f3n con la sociedad y Filtros de inspecci\u00f3n.<\/p>\n\n\n\n<p><strong>#ElVeracruzanoVIP &#8211; <\/strong><a href=\"https:\/\/www.facebook.com\/ElVeracruzanoVIP\/\">El Veracruzano VIP<\/a><\/p>\n","protected":false},"excerpt":{"rendered":"<p>#GobiernoDeVeracruz.- Al menos 90 oficiales de 10 pa\u00edses de Am\u00e9rica Latina han egresado del Diplomado T\u00e1ctico K9: Perros Multiprop\u00f3sito impartido<\/p>\n","protected":false},"author":4,"featured_media":6675,"comment_status":"open","ping_status":"open","sticky":false,"template":"","format":"standard","meta":{"colormag_page_container_layout":"default_layout","colormag_page_sidebar_layout":"default_layout","rop_custom_images_group":[],"rop_custom_messages_group":[],"rop_publish_now":"initial","rop_publish_now_accounts":{"facebook_109133384920963_108472061465099":""},"rop_publish_now_history":[],"rop_publish_now_status":"pending","footnotes":""},"categories":[16],"tags":[17,20,18,19,21],"class_list":["post-6674","post","type-post","status-publish","format-standard","has-post-thumbnail","hentry","category-ultima-hora","tag-cuitlahuac-garcia-jimenez","tag-enterate","tag-gobierno-del-estado-de-veracruz","tag-redes-sociales","tag-ultima-hora"],"_links":{"self":[{"href":"http:\/\/elveracruzano.vip\/index.php?rest_route=\/wp\/v2\/posts\/6674","targetHints":{"allow":["GET"]}}],"collection":[{"href":"http:\/\/elveracruzano.vip\/index.php?rest_route=\/wp\/v2\/posts"}],"about":[{"href":"http:\/\/elveracruzano.vip\/index.php?rest_route=\/wp\/v2\/types\/post"}],"author":[{"embeddable":true,"href":"http:\/\/elveracruzano.vip\/index.php?rest_route=\/wp\/v2\/users\/4"}],"replies":[{"embeddable":true,"href":"http:\/\/elveracruzano.vip\/index.php?rest_route=%2Fwp%2Fv2%2Fcomments&post=6674"}],"version-history":[{"count":1,"href":"http:\/\/elveracruzano.vip\/index.php?rest_route=\/wp\/v2\/posts\/6674\/revisions"}],"predecessor-version":[{"id":6676,"href":"http:\/\/elveracruzano.vip\/index.php?rest_route=\/wp\/v2\/posts\/6674\/revisions\/6676"}],"wp:featuredmedia":[{"embeddable":true,"href":"http:\/\/elveracruzano.vip\/index.php?rest_route=\/wp\/v2\/media\/6675"}],"wp:attachment":[{"href":"http:\/\/elveracruzano.vip\/index.php?rest_route=%2Fwp%2Fv2%2Fmedia&parent=6674"}],"wp:term":[{"taxonomy":"category","embeddable":true,"href":"http:\/\/elveracruzano.vip\/index.php?rest_route=%2Fwp%2Fv2%2Fcategories&post=6674"},{"taxonomy":"post_tag","embeddable":true,"href":"http:\/\/elveracruzano.vip\/index.php?rest_route=%2Fwp%2Fv2%2Ftags&post=6674"}],"curies":[{"name":"wp","href":"https:\/\/api.w.org\/{rel}","templated":true}]}}