{"id":6614,"date":"2023-09-26T19:25:03","date_gmt":"2023-09-27T01:25:03","guid":{"rendered":"http:\/\/elveracruzano.vip\/?p=6614"},"modified":"2023-09-26T19:25:04","modified_gmt":"2023-09-27T01:25:04","slug":"en-baja-california-alcaldesa-de-tijuana-puso-en-marcha-escuela-informada-escuela-segura-en-secundaria-78-montserrat4t-gobtijuanamx","status":"publish","type":"post","link":"http:\/\/elveracruzano.vip\/?p=6614","title":{"rendered":"En Baja California, alcaldesa de Tijuana puso en marcha \u00abEscuela Informada, Escuela Segura\u00bb en Secundaria 78 \/ @Montserrat4T @gobtijuanamx >>>"},"content":{"rendered":"\n<p><strong>#Tijuana, #B.C.-<\/strong>&nbsp;Con el objetivo de realizar una visita de proximidad entre las autoridades municipales y los j\u00f3venes estudiantes a fin de proporcionarles los conocimientos b\u00e1sicos y herramientas necesarias que les permitan identificar y prevenir el acoso escolar, tambi\u00e9n conocido como Bullying, la alcaldesa Montserrat Caballero Ram\u00edrez, puso en marcha el programa \u00abEscuela Informada, Escuela Segura\u00bb, en la Secundaria No.78 Miguel Salceda Heredia.<\/p>\n\n\n\n<p>\u00abEl bullying es una conducta vergonzosa, pero no es culpa ni de quien lo hace, ni de quien lo sufre, es consecuencia del entorno familiar, del entorno social, y no quiere decir que los padres sean responsables, sino como ven la vida ustedes\u00bb, se\u00f1al\u00f3 Caballero Ram\u00edrez.<\/p>\n\n\n\n<p>La mun\u00edcipe explic\u00f3 a los estudiantes del plantel educativo, cu\u00e1les son algunas de las causas del acoso escolar, cit\u00f3 como ejemplo la violencia ejercida por algunos padres, contra las madres de familia y sus hijos, sin que estos puedan defenderse, los hijos al presenciar esta conducta agresiva o al vivirla, buscan donde expresar estos sentimientos, vi\u00e9ndose reflejados principalmente en la escuela, contra sus compa\u00f1eros.<\/p>\n\n\n\n<p>La alcaldesa de Tijuana expuso a los alumnos de la Secundaria No. 78 la importancia de buscar ayuda ante esta problem\u00e1tica, por ello, a trav\u00e9s de la Secretar\u00eda de Seguridad y Protecci\u00f3n Ciudadana Municipal (SSPCM), ha sido impulsado el programa \u00abEscuela Informada, Escuela Segura\u00bb, por medio del cual adem\u00e1s de prevenir estas conductas, los agentes de la Direcci\u00f3n de Prevenci\u00f3n del Delito y Participaci\u00f3n Ciudadana informan a los estudiantes c\u00f3mo reaccionar de manera segura, contribuyendo en la transformaci\u00f3n de centros escolares libres de violencia.<\/p>\n\n\n\n<p>En representaci\u00f3n del titular de la SSPCM, Jos\u00e9 Fernando S\u00e1nchez Gonz\u00e1lez, el director de Apoyo T\u00e9cnico, Control y Seguimiento Municipal, Jorge Alberto Aguirre Carbajal, se\u00f1al\u00f3 que en la actualidad las ni\u00f1as, ni\u00f1os, adolescentes y j\u00f3venes est\u00e1n expuestos a una conducta que hace algunas d\u00e9cadas era considerada normal, el acoso escolar, problem\u00e1tica que tiene graves consecuencias.<\/p>\n\n\n\n<p><strong>#ElVeracruzanoVIP &#8211; <\/strong><a href=\"https:\/\/www.facebook.com\/ElVeracruzanoVIP\/\">El Veracruzano VIP<\/a><\/p>\n","protected":false},"excerpt":{"rendered":"<p>#Tijuana, #B.C.-&nbsp;Con el objetivo de realizar una visita de proximidad entre las autoridades municipales y los j\u00f3venes estudiantes a fin<\/p>\n","protected":false},"author":4,"featured_media":6615,"comment_status":"open","ping_status":"open","sticky":false,"template":"","format":"standard","meta":{"colormag_page_container_layout":"default_layout","colormag_page_sidebar_layout":"default_layout","rop_custom_images_group":[],"rop_custom_messages_group":[],"rop_publish_now":"initial","rop_publish_now_accounts":{"facebook_109133384920963_108472061465099":""},"rop_publish_now_history":[],"rop_publish_now_status":"pending","footnotes":""},"categories":[12],"tags":[68,20,95,19,21],"class_list":["post-6614","post","type-post","status-publish","format-standard","has-post-thumbnail","hentry","category-municipios-en-mexico","tag-ayuntamiento-de-tijuana","tag-enterate","tag-montserrat-caballero-ramirez","tag-redes-sociales","tag-ultima-hora"],"_links":{"self":[{"href":"http:\/\/elveracruzano.vip\/index.php?rest_route=\/wp\/v2\/posts\/6614","targetHints":{"allow":["GET"]}}],"collection":[{"href":"http:\/\/elveracruzano.vip\/index.php?rest_route=\/wp\/v2\/posts"}],"about":[{"href":"http:\/\/elveracruzano.vip\/index.php?rest_route=\/wp\/v2\/types\/post"}],"author":[{"embeddable":true,"href":"http:\/\/elveracruzano.vip\/index.php?rest_route=\/wp\/v2\/users\/4"}],"replies":[{"embeddable":true,"href":"http:\/\/elveracruzano.vip\/index.php?rest_route=%2Fwp%2Fv2%2Fcomments&post=6614"}],"version-history":[{"count":1,"href":"http:\/\/elveracruzano.vip\/index.php?rest_route=\/wp\/v2\/posts\/6614\/revisions"}],"predecessor-version":[{"id":6616,"href":"http:\/\/elveracruzano.vip\/index.php?rest_route=\/wp\/v2\/posts\/6614\/revisions\/6616"}],"wp:featuredmedia":[{"embeddable":true,"href":"http:\/\/elveracruzano.vip\/index.php?rest_route=\/wp\/v2\/media\/6615"}],"wp:attachment":[{"href":"http:\/\/elveracruzano.vip\/index.php?rest_route=%2Fwp%2Fv2%2Fmedia&parent=6614"}],"wp:term":[{"taxonomy":"category","embeddable":true,"href":"http:\/\/elveracruzano.vip\/index.php?rest_route=%2Fwp%2Fv2%2Fcategories&post=6614"},{"taxonomy":"post_tag","embeddable":true,"href":"http:\/\/elveracruzano.vip\/index.php?rest_route=%2Fwp%2Fv2%2Ftags&post=6614"}],"curies":[{"name":"wp","href":"https:\/\/api.w.org\/{rel}","templated":true}]}}