{"id":6585,"date":"2023-09-21T20:24:27","date_gmt":"2023-09-22T02:24:27","guid":{"rendered":"http:\/\/elveracruzano.vip\/?p=6585"},"modified":"2023-09-21T20:24:28","modified_gmt":"2023-09-22T02:24:28","slug":"continuan-acciones-preventivas-contra-el-dengue-en-acapulco-guerrero-abelinalopezr-acapulco","status":"publish","type":"post","link":"http:\/\/elveracruzano.vip\/?p=6585","title":{"rendered":"Contin\u00faan acciones preventivas contra el dengue en Acapulco, Guerrero \/ @AbelinaLopezR @Acapulco >>>"},"content":{"rendered":"\n<p><strong>#Acapulco, #Gro.-\u00a0<\/strong>El Gobierno Municipal de Acapulco que encabeza la Presidenta Abelina L\u00f3pez Rodr\u00edguez, a trav\u00e9s de la Direcci\u00f3n de Salud y en colaboraci\u00f3n con la Fundaci\u00f3n Holcim M\u00e9xico y Geocycle, realiza acciones preventivas contra el dengue en distintos puntos de la ciudad, retirando de calles y colonias del puerto, llantas y neum\u00e1ticos en desuso, para evitar que estos se conviertan en criaderos del mosquito transmisor en esta temporada de lluvias.<\/p>\n\n\n\n<p><strong>#ElVeracruzanoVIP &#8211; <\/strong><a href=\"https:\/\/www.facebook.com\/ElVeracruzanoVIP\/\">El Veracruzano VIP<\/a><\/p>\n","protected":false},"excerpt":{"rendered":"<p>#Acapulco, #Gro.-\u00a0El Gobierno Municipal de Acapulco que encabeza la Presidenta Abelina L\u00f3pez Rodr\u00edguez, a trav\u00e9s de la Direcci\u00f3n de Salud<\/p>\n","protected":false},"author":4,"featured_media":6586,"comment_status":"open","ping_status":"open","sticky":false,"template":"","format":"standard","meta":{"colormag_page_container_layout":"default_layout","colormag_page_sidebar_layout":"default_layout","rop_custom_images_group":[],"rop_custom_messages_group":[],"rop_publish_now":"initial","rop_publish_now_accounts":{"facebook_109133384920963_108472061465099":""},"rop_publish_now_history":[],"rop_publish_now_status":"pending","footnotes":""},"categories":[12],"tags":[17,20,18,19,21],"class_list":["post-6585","post","type-post","status-publish","format-standard","has-post-thumbnail","hentry","category-municipios-en-mexico","tag-cuitlahuac-garcia-jimenez","tag-enterate","tag-gobierno-del-estado-de-veracruz","tag-redes-sociales","tag-ultima-hora"],"_links":{"self":[{"href":"http:\/\/elveracruzano.vip\/index.php?rest_route=\/wp\/v2\/posts\/6585","targetHints":{"allow":["GET"]}}],"collection":[{"href":"http:\/\/elveracruzano.vip\/index.php?rest_route=\/wp\/v2\/posts"}],"about":[{"href":"http:\/\/elveracruzano.vip\/index.php?rest_route=\/wp\/v2\/types\/post"}],"author":[{"embeddable":true,"href":"http:\/\/elveracruzano.vip\/index.php?rest_route=\/wp\/v2\/users\/4"}],"replies":[{"embeddable":true,"href":"http:\/\/elveracruzano.vip\/index.php?rest_route=%2Fwp%2Fv2%2Fcomments&post=6585"}],"version-history":[{"count":1,"href":"http:\/\/elveracruzano.vip\/index.php?rest_route=\/wp\/v2\/posts\/6585\/revisions"}],"predecessor-version":[{"id":6587,"href":"http:\/\/elveracruzano.vip\/index.php?rest_route=\/wp\/v2\/posts\/6585\/revisions\/6587"}],"wp:featuredmedia":[{"embeddable":true,"href":"http:\/\/elveracruzano.vip\/index.php?rest_route=\/wp\/v2\/media\/6586"}],"wp:attachment":[{"href":"http:\/\/elveracruzano.vip\/index.php?rest_route=%2Fwp%2Fv2%2Fmedia&parent=6585"}],"wp:term":[{"taxonomy":"category","embeddable":true,"href":"http:\/\/elveracruzano.vip\/index.php?rest_route=%2Fwp%2Fv2%2Fcategories&post=6585"},{"taxonomy":"post_tag","embeddable":true,"href":"http:\/\/elveracruzano.vip\/index.php?rest_route=%2Fwp%2Fv2%2Ftags&post=6585"}],"curies":[{"name":"wp","href":"https:\/\/api.w.org\/{rel}","templated":true}]}}