{"id":6377,"date":"2023-08-24T17:38:18","date_gmt":"2023-08-24T23:38:18","guid":{"rendered":"http:\/\/elveracruzano.vip\/?p=6377"},"modified":"2023-08-24T17:38:19","modified_gmt":"2023-08-24T23:38:19","slug":"en-coordinacion-con-la-subdireccion-de-educacion-se-llevo-a-cabo-taller-de-ceramica-en-coatepec-raymundoandradr-gobcoatepec","status":"publish","type":"post","link":"http:\/\/elveracruzano.vip\/?p=6377","title":{"rendered":"En coordinaci\u00f3n con la Subdirecci\u00f3n de Educaci\u00f3n se llev\u00f3 a cabo taller de cer\u00e1mica en Coatepec \/ @RaymundoAndradR @GobCoatepec >>>"},"content":{"rendered":"\n<p><strong>#Coatepec, #Ver.- <\/strong>Se llev\u00f3 a cabo el Taller de Cer\u00e1mica organizado por la Regidur\u00eda Cuarta en coordinaci\u00f3n con la Subdirecci\u00f3n de Educaci\u00f3n, dirigido a ni\u00f1as y ni\u00f1os de la localidad de La Laguna, quienes demostraron sus dotes art\u00edsticas al pintar sus figuritas y mezclar sus colores favoritos.<\/p>\n\n\n\n<p>El municipio agradeci\u00f3 a la Profesora Mar\u00eda del Carmen Salazar Diaz, quien imparti\u00f3 el taller, as\u00ed como facilitar los materiales y los deliciosos aperitivos.<\/p>\n\n\n\n<p><strong>#ElVeracruzanoVIP &#8211; <\/strong><a href=\"https:\/\/www.facebook.com\/ElVeracruzanoVIP\/\">El Veracruzano VIP<\/a><\/p>\n","protected":false},"excerpt":{"rendered":"<p>#Coatepec, #Ver.- Se llev\u00f3 a cabo el Taller de Cer\u00e1mica organizado por la Regidur\u00eda Cuarta en coordinaci\u00f3n con la Subdirecci\u00f3n<\/p>\n","protected":false},"author":4,"featured_media":6378,"comment_status":"open","ping_status":"open","sticky":false,"template":"","format":"standard","meta":{"colormag_page_container_layout":"default_layout","colormag_page_sidebar_layout":"default_layout","rop_custom_images_group":[],"rop_custom_messages_group":[],"rop_publish_now":"initial","rop_publish_now_accounts":{"facebook_109133384920963_108472061465099":""},"rop_publish_now_history":[],"rop_publish_now_status":"pending","footnotes":""},"categories":[10],"tags":[40,20,73,19,21,23,22],"class_list":["post-6377","post","type-post","status-publish","format-standard","has-post-thumbnail","hentry","category-municipios","tag-coatepec","tag-enterate","tag-raymundo-andrade-rivera","tag-redes-sociales","tag-ultima-hora","tag-ultimas-noticias","tag-ultimo-minuto"],"_links":{"self":[{"href":"http:\/\/elveracruzano.vip\/index.php?rest_route=\/wp\/v2\/posts\/6377","targetHints":{"allow":["GET"]}}],"collection":[{"href":"http:\/\/elveracruzano.vip\/index.php?rest_route=\/wp\/v2\/posts"}],"about":[{"href":"http:\/\/elveracruzano.vip\/index.php?rest_route=\/wp\/v2\/types\/post"}],"author":[{"embeddable":true,"href":"http:\/\/elveracruzano.vip\/index.php?rest_route=\/wp\/v2\/users\/4"}],"replies":[{"embeddable":true,"href":"http:\/\/elveracruzano.vip\/index.php?rest_route=%2Fwp%2Fv2%2Fcomments&post=6377"}],"version-history":[{"count":1,"href":"http:\/\/elveracruzano.vip\/index.php?rest_route=\/wp\/v2\/posts\/6377\/revisions"}],"predecessor-version":[{"id":6379,"href":"http:\/\/elveracruzano.vip\/index.php?rest_route=\/wp\/v2\/posts\/6377\/revisions\/6379"}],"wp:featuredmedia":[{"embeddable":true,"href":"http:\/\/elveracruzano.vip\/index.php?rest_route=\/wp\/v2\/media\/6378"}],"wp:attachment":[{"href":"http:\/\/elveracruzano.vip\/index.php?rest_route=%2Fwp%2Fv2%2Fmedia&parent=6377"}],"wp:term":[{"taxonomy":"category","embeddable":true,"href":"http:\/\/elveracruzano.vip\/index.php?rest_route=%2Fwp%2Fv2%2Fcategories&post=6377"},{"taxonomy":"post_tag","embeddable":true,"href":"http:\/\/elveracruzano.vip\/index.php?rest_route=%2Fwp%2Fv2%2Ftags&post=6377"}],"curies":[{"name":"wp","href":"https:\/\/api.w.org\/{rel}","templated":true}]}}