{"id":6368,"date":"2023-08-24T17:27:35","date_gmt":"2023-08-24T23:27:35","guid":{"rendered":"http:\/\/elveracruzano.vip\/?p=6368"},"modified":"2023-08-24T17:27:37","modified_gmt":"2023-08-24T23:27:37","slug":"xalapa-sede-de-las-olimpiadas-de-oro-de-las-personas-adultas-mayores-cuitlahuacgj-gobiernover","status":"publish","type":"post","link":"http:\/\/elveracruzano.vip\/?p=6368","title":{"rendered":"Xalapa, sede de las Olimpiadas de Oro de las Personas Adultas Mayores \/ @CuitlahuacGJ @GobiernoVer >>>"},"content":{"rendered":"\n<p><strong>#GobiernoDeVeracruz.- <\/strong>En el marco del D\u00eda Nacional de las Personas Adultas Mayores, a celebrarse el pr\u00f3ximo domingo, la capital veracruzana albergar\u00e1 la tercera edici\u00f3n de las Olimpiadas de Oro promovidas por los sistemas nacional y estatal para el Desarrollo Integral de la Familia (DIF), los d\u00edas 27 y 28 del mes en curso.<\/p>\n\n\n\n<p>En el Estadio Xalape\u00f1o Heriberto Jara Corona, el Gimnasio Omega y la Quinta de las Rosas, competir\u00e1n nueve delegaciones provenientes de Campeche, Guerrero, Hidalgo, Michoac\u00e1n, Oaxaca, Tlaxcala, Zacatecas y el estado anfitri\u00f3n, integradas por usuarios de los centros gerontol\u00f3gicos a cargo del organismo asistencial.<\/p>\n\n\n\n<p>Las disciplinas a practicar son atletismo, caminata, carrera, lanzamiento de bala, baile folcl\u00f3rico, baile libre, canto (individual y grupal), poes\u00eda, domin\u00f3, loter\u00eda, ajedrez y cachibol, adem\u00e1s de que tendr\u00e1 lugar una exposici\u00f3n con piezas art\u00edsticas que cada grupo ha aportado, ya sea de pintura, escultura o artesan\u00eda.<\/p>\n\n\n\n<p>Las Olimpiadas de Oro para las Personas Adultas Mayores se han convertido en un emblema de inclusi\u00f3n y empoderamiento, pues destacan el potencial art\u00edstico, deportivo y cultural de sus participantes, demostrando que la edad no es una barrera para el desarrollo pleno en la sociedad.<\/p>\n\n\n\n<p>La inauguraci\u00f3n est\u00e1 programada el domingo a las 19:00 horas en el estadio, donde amenizar\u00e1n la marching band Lobos G3, el ballet Contrastes de M\u00e9xico y los cantantes Yaceli Delgado, Mart\u00edn Garc\u00eda (Orquesta de Salsa UV) e Hissam La-Bel. La antorcha ol\u00edmpica recorrer\u00e1 el recinto hasta el encendido del pebetero, finalizando con el espect\u00e1culo de pirotecnia.<\/p>\n\n\n\n<p>A fin de que el magno evento transcurra sin contratiempos, coordinar\u00e1n el operativo log\u00edstico las secretar\u00edas de Seguridad P\u00fablica, Protecci\u00f3n Civil y Salud, as\u00ed como los DIF nacional y estatal, y ser\u00e1 llevado a todos los hogares de la entidad mediante la se\u00f1al de Radio Televisi\u00f3n de Veracruz.<\/p>\n\n\n\n<p><strong>#ElVeracruzanoVIP &#8211; <\/strong><a href=\"https:\/\/www.facebook.com\/ElVeracruzanoVIP\/\">El Veracruzano VIP<\/a><\/p>\n","protected":false},"excerpt":{"rendered":"<p>#GobiernoDeVeracruz.- En el marco del D\u00eda Nacional de las Personas Adultas Mayores, a celebrarse el pr\u00f3ximo domingo, la capital veracruzana<\/p>\n","protected":false},"author":4,"featured_media":6369,"comment_status":"open","ping_status":"open","sticky":false,"template":"","format":"standard","meta":{"colormag_page_container_layout":"default_layout","colormag_page_sidebar_layout":"default_layout","rop_custom_images_group":[],"rop_custom_messages_group":[],"rop_publish_now":"initial","rop_publish_now_accounts":{"facebook_109133384920963_108472061465099":""},"rop_publish_now_history":[],"rop_publish_now_status":"pending","footnotes":""},"categories":[16],"tags":[17,20,18,19,21,22],"class_list":["post-6368","post","type-post","status-publish","format-standard","has-post-thumbnail","hentry","category-ultima-hora","tag-cuitlahuac-garcia-jimenez","tag-enterate","tag-gobierno-del-estado-de-veracruz","tag-redes-sociales","tag-ultima-hora","tag-ultimo-minuto"],"_links":{"self":[{"href":"http:\/\/elveracruzano.vip\/index.php?rest_route=\/wp\/v2\/posts\/6368","targetHints":{"allow":["GET"]}}],"collection":[{"href":"http:\/\/elveracruzano.vip\/index.php?rest_route=\/wp\/v2\/posts"}],"about":[{"href":"http:\/\/elveracruzano.vip\/index.php?rest_route=\/wp\/v2\/types\/post"}],"author":[{"embeddable":true,"href":"http:\/\/elveracruzano.vip\/index.php?rest_route=\/wp\/v2\/users\/4"}],"replies":[{"embeddable":true,"href":"http:\/\/elveracruzano.vip\/index.php?rest_route=%2Fwp%2Fv2%2Fcomments&post=6368"}],"version-history":[{"count":1,"href":"http:\/\/elveracruzano.vip\/index.php?rest_route=\/wp\/v2\/posts\/6368\/revisions"}],"predecessor-version":[{"id":6370,"href":"http:\/\/elveracruzano.vip\/index.php?rest_route=\/wp\/v2\/posts\/6368\/revisions\/6370"}],"wp:featuredmedia":[{"embeddable":true,"href":"http:\/\/elveracruzano.vip\/index.php?rest_route=\/wp\/v2\/media\/6369"}],"wp:attachment":[{"href":"http:\/\/elveracruzano.vip\/index.php?rest_route=%2Fwp%2Fv2%2Fmedia&parent=6368"}],"wp:term":[{"taxonomy":"category","embeddable":true,"href":"http:\/\/elveracruzano.vip\/index.php?rest_route=%2Fwp%2Fv2%2Fcategories&post=6368"},{"taxonomy":"post_tag","embeddable":true,"href":"http:\/\/elveracruzano.vip\/index.php?rest_route=%2Fwp%2Fv2%2Ftags&post=6368"}],"curies":[{"name":"wp","href":"https:\/\/api.w.org\/{rel}","templated":true}]}}