{"id":6290,"date":"2023-08-17T18:37:39","date_gmt":"2023-08-18T00:37:39","guid":{"rendered":"http:\/\/elveracruzano.vip\/?p=6290"},"modified":"2023-08-17T18:37:40","modified_gmt":"2023-08-18T00:37:40","slug":"recibe-cordoba-nombramiento-oficial-como-pueblo-magico-pdtejuanmtnez-aytocordobaver","status":"publish","type":"post","link":"http:\/\/elveracruzano.vip\/?p=6290","title":{"rendered":"Recibe C\u00f3rdoba nombramiento oficial como \u201cPueblo M\u00e1gico\u201d \/ @PdteJuanMtnez @AytoCordobaVer >>>"},"content":{"rendered":"\n<p><strong>#C\u00f3rdoba, #Ver.- <\/strong>El Presidente Juan Mart\u00ednez Flores, recibi\u00f3 del Gobernador de Veracruz, Cuitl\u00e1huac Garc\u00eda Jim\u00e9nez y el Secretario de Turismo del Gobierno de M\u00e9xico, Miguel Torruco Marqu\u00e9z, el nombramiento que distingue al municipio de C\u00f3rdoba como \u00abPueblo M\u00e1gico\u00bb, en un evento celebrado en Coatepec: Primer Pueblo M\u00e1gico del Estado de Veracruz.<\/p>\n\n\n\n<p>El Gobernador de Veracruz, Cuitl\u00e1huac Garc\u00eda Jim\u00e9nez, destac\u00f3 el orgullo por reconocer la cultura veracruzana a trav\u00e9s de los pueblos m\u00e1gicos, y que la incorporaci\u00f3n de C\u00f3rdoba es un reconocimiento a esta ciudad hist\u00f3rica donde se firmaron los Tratados que le dieron independencia a la naci\u00f3n; as\u00ed como tambi\u00e9n el reconocimiento al municipio de Naolinco.<\/p>\n\n\n\n<p>En su intervenci\u00f3n, el Secretario de Turismo del Gobierno de M\u00e9xico, Miguel Torruco Marqu\u00e9z, coment\u00f3 que Veracruz cuenta ahora con ochos Pueblos M\u00e1gicos que brindan una gran gama de atractivos culturales, naturales y gastron\u00f3micos capaces de satisfacer las expectativas de los turistas que llegan a este territorio veracruzano, considerando a los Pueblos M\u00e1gicos los pilares en esta actividad que se ha posicionado entre los preferidos de los viajeros que buscan \u00e1reas verdes y experiencias de car\u00e1cter local en convivencia con las comunidades.<\/p>\n\n\n\n<p>Por su parte, el alcalde de Coatepec, Raymundo Andrade Rivera dio la bienvenida a sus hom\u00f3logos y a las autoridades municipales, estatales y federales, destacando la celebraci\u00f3n de su 17 aniversario desde su nombramiento como \u201cPueblo M\u00e1gico\u201d.<\/p>\n\n\n\n<p>El Secretario de Turismo y Cultura de Veracruz, Iv\u00e1n Francisco Mart\u00ednez Olvera, destac\u00f3 que el turismo es una estrategia de reconciliaci\u00f3n social donde los tres \u00f3rganos de Gobierno buscan la transformaci\u00f3n y enaltecer su cultura y tradiciones. \u201cHoy es un d\u00eda de fiesta, para reconocer a nuestros dos nuevos Pueblos M\u00e1gicos: C\u00f3rdoba y Naolinco, que suman ahora ochos con esta distinci\u00f3n, y Coatepec celebra su 17 aniversario como el primer pueblo m\u00e1gico de Veracruz, qu\u00e9 permiti\u00f3 ser una punta de lanza para buscar las rutas de los pueblos tur\u00edsticos\u00bb.<\/p>\n\n\n\n<p><strong>#ElVeracruzanoVIP &#8211; <\/strong><a href=\"https:\/\/www.facebook.com\/ElVeracruzanoVIP\/\">El Veracruzano VIP<\/a><\/p>\n","protected":false},"excerpt":{"rendered":"<p>#C\u00f3rdoba, #Ver.- El Presidente Juan Mart\u00ednez Flores, recibi\u00f3 del Gobernador de Veracruz, Cuitl\u00e1huac Garc\u00eda Jim\u00e9nez y el Secretario de Turismo<\/p>\n","protected":false},"author":4,"featured_media":6291,"comment_status":"open","ping_status":"open","sticky":false,"template":"","format":"standard","meta":{"colormag_page_container_layout":"default_layout","colormag_page_sidebar_layout":"default_layout","rop_custom_images_group":[],"rop_custom_messages_group":[],"rop_publish_now":"initial","rop_publish_now_accounts":{"facebook_109133384920963_108472061465099":""},"rop_publish_now_history":[],"rop_publish_now_status":"pending","footnotes":""},"categories":[11],"tags":[36,26,20,66,19,21,23,22],"class_list":["post-6290","post","type-post","status-publish","format-standard","has-post-thumbnail","hentry","category-municipios-destacados","tag-cordoba","tag-el-veracruzano-vip","tag-enterate","tag-juan-martinez-flores","tag-redes-sociales","tag-ultima-hora","tag-ultimas-noticias","tag-ultimo-minuto"],"_links":{"self":[{"href":"http:\/\/elveracruzano.vip\/index.php?rest_route=\/wp\/v2\/posts\/6290","targetHints":{"allow":["GET"]}}],"collection":[{"href":"http:\/\/elveracruzano.vip\/index.php?rest_route=\/wp\/v2\/posts"}],"about":[{"href":"http:\/\/elveracruzano.vip\/index.php?rest_route=\/wp\/v2\/types\/post"}],"author":[{"embeddable":true,"href":"http:\/\/elveracruzano.vip\/index.php?rest_route=\/wp\/v2\/users\/4"}],"replies":[{"embeddable":true,"href":"http:\/\/elveracruzano.vip\/index.php?rest_route=%2Fwp%2Fv2%2Fcomments&post=6290"}],"version-history":[{"count":1,"href":"http:\/\/elveracruzano.vip\/index.php?rest_route=\/wp\/v2\/posts\/6290\/revisions"}],"predecessor-version":[{"id":6292,"href":"http:\/\/elveracruzano.vip\/index.php?rest_route=\/wp\/v2\/posts\/6290\/revisions\/6292"}],"wp:featuredmedia":[{"embeddable":true,"href":"http:\/\/elveracruzano.vip\/index.php?rest_route=\/wp\/v2\/media\/6291"}],"wp:attachment":[{"href":"http:\/\/elveracruzano.vip\/index.php?rest_route=%2Fwp%2Fv2%2Fmedia&parent=6290"}],"wp:term":[{"taxonomy":"category","embeddable":true,"href":"http:\/\/elveracruzano.vip\/index.php?rest_route=%2Fwp%2Fv2%2Fcategories&post=6290"},{"taxonomy":"post_tag","embeddable":true,"href":"http:\/\/elveracruzano.vip\/index.php?rest_route=%2Fwp%2Fv2%2Ftags&post=6290"}],"curies":[{"name":"wp","href":"https:\/\/api.w.org\/{rel}","templated":true}]}}