{"id":626,"date":"2022-01-18T18:36:00","date_gmt":"2022-01-19T00:36:00","guid":{"rendered":"http:\/\/elveracruzano.vip\/?p=626"},"modified":"2022-01-18T13:37:43","modified_gmt":"2022-01-18T19:37:43","slug":"desde-adentro-promovera-la-cultura-y-participacion-ciudadana","status":"publish","type":"post","link":"http:\/\/elveracruzano.vip\/?p=626","title":{"rendered":"\u201cDesde Adentro\u201d promover\u00e1 la cultura y participaci\u00f3n ciudadana"},"content":{"rendered":"\n<p><strong>#GobiernoDeVeracruz.- <\/strong>Con el cadencioso danz\u00f3n Nereidas interpretado por la Orquesta de M\u00fasica Popular del H. Ayuntamiento, inici\u00f3 el Programa Cultural \u00abDesde Adentro\u00bb, que llevar\u00e1 el arte y la cultura a los pol\u00edgonos de atenci\u00f3n prioritaria para promover la paz, armon\u00eda, combatir la violencia e inseguridad.<\/p>\n\n\n\n<p>Fue el Presidente Municipal Amado Jes\u00fas Cruz Malpica, junto a regidores y directores, quienes cortaron el list\u00f3n inaugural del evento en la cancha de la biblioteca municipal \u201cFrancisco Mata Aguilar\u201d en la colonia Adolfo L\u00f3pez Mateos, donde arranc\u00f3 este proyecto.<\/p>\n\n\n\n<p>\u201cLo hacemos \u2019Desde Adentro\u2019 de las entra\u00f1as de la ciudad de Coatzacoalcos, desde una colonia, la L\u00f3pez Mateos, simb\u00f3lica por muchas razones, porque esta fue una de las primeras donde la ciudad creci\u00f3 con mucho rigor en otro momento de la historia de nuestra ciudad\u201d, exalt\u00f3 el edil.<\/p>\n\n\n\n<p>Cruz Malpica explic\u00f3 que el programa tiene ese nombre curioso porque \u201cDesde Adentro\u201d de la participaci\u00f3n y del alma de los que van a formar parte de este carrusel de artistas, hay muchos vecinos que tienen \u201cdentro\u201d habilidades art\u00edsticas, por lo que los invit\u00f3 a asistir y expresarlas.<\/p>\n\n\n\n<p><strong>#ElVeracruzanoVip<\/strong><\/p>\n","protected":false},"excerpt":{"rendered":"<p>#GobiernoDeVeracruz.- Con el cadencioso danz\u00f3n Nereidas interpretado por la Orquesta de M\u00fasica Popular del H. Ayuntamiento, inici\u00f3 el Programa Cultural<\/p>\n","protected":false},"author":4,"featured_media":0,"comment_status":"open","ping_status":"open","sticky":false,"template":"","format":"standard","meta":{"colormag_page_container_layout":"default_layout","colormag_page_sidebar_layout":"default_layout","rop_custom_images_group":[],"rop_custom_messages_group":[],"rop_publish_now":"initial","rop_publish_now_accounts":{"facebook_109133384920963_108472061465099":""},"rop_publish_now_history":[],"rop_publish_now_status":"pending","footnotes":""},"categories":[14],"tags":[26,20,18,19,21,23,22],"class_list":["post-626","post","type-post","status-publish","format-standard","hentry","category-secretarias","tag-el-veracruzano-vip","tag-enterate","tag-gobierno-del-estado-de-veracruz","tag-redes-sociales","tag-ultima-hora","tag-ultimas-noticias","tag-ultimo-minuto"],"_links":{"self":[{"href":"http:\/\/elveracruzano.vip\/index.php?rest_route=\/wp\/v2\/posts\/626","targetHints":{"allow":["GET"]}}],"collection":[{"href":"http:\/\/elveracruzano.vip\/index.php?rest_route=\/wp\/v2\/posts"}],"about":[{"href":"http:\/\/elveracruzano.vip\/index.php?rest_route=\/wp\/v2\/types\/post"}],"author":[{"embeddable":true,"href":"http:\/\/elveracruzano.vip\/index.php?rest_route=\/wp\/v2\/users\/4"}],"replies":[{"embeddable":true,"href":"http:\/\/elveracruzano.vip\/index.php?rest_route=%2Fwp%2Fv2%2Fcomments&post=626"}],"version-history":[{"count":1,"href":"http:\/\/elveracruzano.vip\/index.php?rest_route=\/wp\/v2\/posts\/626\/revisions"}],"predecessor-version":[{"id":628,"href":"http:\/\/elveracruzano.vip\/index.php?rest_route=\/wp\/v2\/posts\/626\/revisions\/628"}],"wp:attachment":[{"href":"http:\/\/elveracruzano.vip\/index.php?rest_route=%2Fwp%2Fv2%2Fmedia&parent=626"}],"wp:term":[{"taxonomy":"category","embeddable":true,"href":"http:\/\/elveracruzano.vip\/index.php?rest_route=%2Fwp%2Fv2%2Fcategories&post=626"},{"taxonomy":"post_tag","embeddable":true,"href":"http:\/\/elveracruzano.vip\/index.php?rest_route=%2Fwp%2Fv2%2Ftags&post=626"}],"curies":[{"name":"wp","href":"https:\/\/api.w.org\/{rel}","templated":true}]}}