{"id":6187,"date":"2023-08-03T17:16:39","date_gmt":"2023-08-03T23:16:39","guid":{"rendered":"http:\/\/elveracruzano.vip\/?p=6187"},"modified":"2023-08-03T17:16:41","modified_gmt":"2023-08-03T23:16:41","slug":"arranca-alcaldesa-de-minatitlan-carmen-medel-obra-de-pavimentacion-de-la-calle-moctezuma-dramedelpalma-gobminatitlan","status":"publish","type":"post","link":"http:\/\/elveracruzano.vip\/?p=6187","title":{"rendered":"Arranca alcaldesa de Minatitl\u00e1n, Carmen Medel, obra de pavimentaci\u00f3n de la calle Moctezuma \/ @DraMedelPalma @gobminatitlan >>>"},"content":{"rendered":"\n<p><strong>#Minatitl\u00e1n, #Ver.-<\/strong> La Presidenta Municipal, doctora Carmen Medel Palma, dio inicio a la obra de pavimentaci\u00f3n de la calle Moctezuma entre las calles 1 y 3 en la colonia Insurgentes Sur.<\/p>\n\n\n\n<p>En el lugar, la alcaldesa, hizo saber que gracias a la aprobaci\u00f3n presupuestal en sesi\u00f3n de cabildo, se pudo dar el banderazo de arranque de este importante proyecto que beneficiar\u00e1 a m\u00e1s de 2 mil habitantes directa e <a><\/a>indirectamente.<\/p>\n\n\n\n<p>Agreg\u00f3 que dicha obra consiste en la construcci\u00f3n de 650 metros cuadrados de pavimento a base de concreto hidr\u00e1ulico, adem\u00e1s de 149 metros lineales de guarniciones y banquetas, as\u00ed como la aplicaci\u00f3n de pintura vial.<\/p>\n\n\n\n<p>D\u00f3nde se har\u00e1 una inversi\u00f3n superior a un mill\u00f3n de pesos, provenientes del Fondo de Aportaciones para la Infraestructura Municipal y de las Demarcaciones Territoriales del Distrito Federal 2023.<\/p>\n\n\n\n<p>Los vecinos agradecieron que el Gobierno Municipal cumpla su palabra empe\u00f1ada, lo que permite la transformaci\u00f3n de Minatitl\u00e1n con calles dignas y seguras.<\/p>\n\n\n\n<p><strong>#ElVeracruzanoVIP &#8211; <\/strong><a href=\"https:\/\/www.facebook.com\/ElVeracruzanoVIP\/\">El Veracruzano VIP<\/a><\/p>\n","protected":false},"excerpt":{"rendered":"<p>#Minatitl\u00e1n, #Ver.- La Presidenta Municipal, doctora Carmen Medel Palma, dio inicio a la obra de pavimentaci\u00f3n de la calle Moctezuma<\/p>\n","protected":false},"author":4,"featured_media":6188,"comment_status":"open","ping_status":"open","sticky":false,"template":"","format":"standard","meta":{"colormag_page_container_layout":"default_layout","colormag_page_sidebar_layout":"default_layout","rop_custom_images_group":[],"rop_custom_messages_group":[],"rop_publish_now":"initial","rop_publish_now_accounts":{"facebook_109133384920963_108472061465099":""},"rop_publish_now_history":[],"rop_publish_now_status":"pending","footnotes":""},"categories":[8],"tags":[80,17,26,20,18,39,19,97,91,84,98,99,21,23,22],"class_list":["post-6187","post","type-post","status-publish","format-standard","has-post-thumbnail","hentry","category-alcaldesas","tag-carmen-medel-palma","tag-cuitlahuac-garcia-jimenez","tag-el-veracruzano-vip","tag-enterate","tag-gobierno-del-estado-de-veracruz","tag-minatitlan","tag-redes-sociales","tag-secretaria-de-educacion-publica","tag-secretaria-de-educacion-veracruz","tag-secretaria-de-proteccion-civil-del-estado-de-veracruz","tag-secretaria-del-medio-ambiente","tag-secretaria-del-trabajo-y-prevision-social","tag-ultima-hora","tag-ultimas-noticias","tag-ultimo-minuto"],"_links":{"self":[{"href":"http:\/\/elveracruzano.vip\/index.php?rest_route=\/wp\/v2\/posts\/6187","targetHints":{"allow":["GET"]}}],"collection":[{"href":"http:\/\/elveracruzano.vip\/index.php?rest_route=\/wp\/v2\/posts"}],"about":[{"href":"http:\/\/elveracruzano.vip\/index.php?rest_route=\/wp\/v2\/types\/post"}],"author":[{"embeddable":true,"href":"http:\/\/elveracruzano.vip\/index.php?rest_route=\/wp\/v2\/users\/4"}],"replies":[{"embeddable":true,"href":"http:\/\/elveracruzano.vip\/index.php?rest_route=%2Fwp%2Fv2%2Fcomments&post=6187"}],"version-history":[{"count":1,"href":"http:\/\/elveracruzano.vip\/index.php?rest_route=\/wp\/v2\/posts\/6187\/revisions"}],"predecessor-version":[{"id":6189,"href":"http:\/\/elveracruzano.vip\/index.php?rest_route=\/wp\/v2\/posts\/6187\/revisions\/6189"}],"wp:featuredmedia":[{"embeddable":true,"href":"http:\/\/elveracruzano.vip\/index.php?rest_route=\/wp\/v2\/media\/6188"}],"wp:attachment":[{"href":"http:\/\/elveracruzano.vip\/index.php?rest_route=%2Fwp%2Fv2%2Fmedia&parent=6187"}],"wp:term":[{"taxonomy":"category","embeddable":true,"href":"http:\/\/elveracruzano.vip\/index.php?rest_route=%2Fwp%2Fv2%2Fcategories&post=6187"},{"taxonomy":"post_tag","embeddable":true,"href":"http:\/\/elveracruzano.vip\/index.php?rest_route=%2Fwp%2Fv2%2Ftags&post=6187"}],"curies":[{"name":"wp","href":"https:\/\/api.w.org\/{rel}","templated":true}]}}