{"id":5998,"date":"2023-07-18T15:19:01","date_gmt":"2023-07-18T21:19:01","guid":{"rendered":"http:\/\/elveracruzano.vip\/?p=5998"},"modified":"2023-07-18T15:19:02","modified_gmt":"2023-07-18T21:19:02","slug":"gobiernos-de-veracruz-y-tlaxcala-impulsan-el-deporte-presentan-campeonato-mundial-de-voleibol-de-playa-cuitlahuacgj-gobiernover","status":"publish","type":"post","link":"http:\/\/elveracruzano.vip\/?p=5998","title":{"rendered":"Gobiernos de Veracruz y Tlaxcala impulsan el deporte, presentan Campeonato Mundial de Voleibol de Playa \/ @CuitlahuacGJ @GobiernoVer >>>"},"content":{"rendered":"\n<p><strong>#GobiernoDeVeracruz.- <\/strong>La capital veracruzana fue sede de la segunda parada del Trophy Tour, un recorrido para promocionar en ocho estados de la Rep\u00fablica, el Campeonato Mundial de Voleibol de Playa Tlaxcala 2023, a realizarse del 05 al 15 de octubre.<\/p>\n\n\n\n<p>En el parque Ju\u00e1rez, el gobernador Cuitl\u00e1huac Garc\u00eda Jim\u00e9nez recibi\u00f3 a su hom\u00f3loga de Tlaxcala, Lorena Cu\u00e9llar Cisneros, juntos develaron el trofeo que ser\u00e1 entregado a los finalistas del Mundial, el cual por primera vez llega a Latinoam\u00e9rica.&nbsp;<\/p>\n\n\n\n<p>\u201cAgradezco que nos hayan hecho parte de la difusi\u00f3n de este evento mundial y competitivo que, sin duda, ayudar\u00e1 a proyectar el deporte y a M\u00e9xico\u201d, manifest\u00f3 al reconocer el trabajo de Cu\u00e9llar Cisneros.<\/p>\n\n\n\n<p>El mandatario asegur\u00f3 que en la justa deportiva estar\u00e1n presentes las veracruzanas y campeonas nacionales en la rama femenil de los Juegos CONADE 2023 Gisselle Eunice y Vanessa Anaid Chay \u00c1lvarez; les dese\u00f3 \u00e9xito, esperando sean ellas las ganadoras de la presea.<\/p>\n\n\n\n<p>Por su anfitrion\u00eda, la gobernadora de Tlaxcala entreg\u00f3 a Garc\u00eda Jim\u00e9nez un reconocimiento al ser parte de la gira de promoci\u00f3n del campeonato, que por primera ocasi\u00f3n en la historia se celebrar\u00e1 en M\u00e9xico, luego de 20 a\u00f1os de realizarse exclusivamente en Europa.<\/p>\n\n\n\n<p>\u201cRecibiremos 96 equipos internacionales, 192 atletas provenientes de m\u00e1s de 38 pa\u00edses; las sedes son la Plaza de Toros de Tlaxcala, Apizaco y Huamantla; los ganadores califican directamente a los Juegos Ol\u00edmpicos de Par\u00eds 2024\u201d, resalt\u00f3.<\/p>\n\n\n\n<p>Luego del acto protocolario y mensajes a medios, los mandatarios y autoridades hicieron un recorrido por la exhibici\u00f3n cultural de Tlaxcala y otras experiencias que son parte del Trophy Tour; los acompa\u00f1aron los encargados del deporte en ambas entidades, Jos\u00e9 Alberto Nava Lozano y Mada\u00ed P\u00e9rez Carrillo.<\/p>\n\n\n\n<p><strong>#ElVeracruzanoVIP &#8211; <\/strong><a href=\"https:\/\/www.facebook.com\/ElVeracruzanoVIP\/\">El Veracruzano VIP<\/a><\/p>\n","protected":false},"excerpt":{"rendered":"<p>#GobiernoDeVeracruz.- La capital veracruzana fue sede de la segunda parada del Trophy Tour, un recorrido para promocionar en ocho estados<\/p>\n","protected":false},"author":4,"featured_media":5999,"comment_status":"open","ping_status":"open","sticky":false,"template":"","format":"standard","meta":{"colormag_page_container_layout":"default_layout","colormag_page_sidebar_layout":"default_layout","rop_custom_images_group":[],"rop_custom_messages_group":[],"rop_publish_now":"initial","rop_publish_now_accounts":{"facebook_109133384920963_108472061465099":""},"rop_publish_now_history":[],"rop_publish_now_status":"pending","footnotes":""},"categories":[16],"tags":[17,26,20,18,19,97,91,84,98,99,21,23,22],"class_list":["post-5998","post","type-post","status-publish","format-standard","has-post-thumbnail","hentry","category-ultima-hora","tag-cuitlahuac-garcia-jimenez","tag-el-veracruzano-vip","tag-enterate","tag-gobierno-del-estado-de-veracruz","tag-redes-sociales","tag-secretaria-de-educacion-publica","tag-secretaria-de-educacion-veracruz","tag-secretaria-de-proteccion-civil-del-estado-de-veracruz","tag-secretaria-del-medio-ambiente","tag-secretaria-del-trabajo-y-prevision-social","tag-ultima-hora","tag-ultimas-noticias","tag-ultimo-minuto"],"_links":{"self":[{"href":"http:\/\/elveracruzano.vip\/index.php?rest_route=\/wp\/v2\/posts\/5998","targetHints":{"allow":["GET"]}}],"collection":[{"href":"http:\/\/elveracruzano.vip\/index.php?rest_route=\/wp\/v2\/posts"}],"about":[{"href":"http:\/\/elveracruzano.vip\/index.php?rest_route=\/wp\/v2\/types\/post"}],"author":[{"embeddable":true,"href":"http:\/\/elveracruzano.vip\/index.php?rest_route=\/wp\/v2\/users\/4"}],"replies":[{"embeddable":true,"href":"http:\/\/elveracruzano.vip\/index.php?rest_route=%2Fwp%2Fv2%2Fcomments&post=5998"}],"version-history":[{"count":1,"href":"http:\/\/elveracruzano.vip\/index.php?rest_route=\/wp\/v2\/posts\/5998\/revisions"}],"predecessor-version":[{"id":6000,"href":"http:\/\/elveracruzano.vip\/index.php?rest_route=\/wp\/v2\/posts\/5998\/revisions\/6000"}],"wp:featuredmedia":[{"embeddable":true,"href":"http:\/\/elveracruzano.vip\/index.php?rest_route=\/wp\/v2\/media\/5999"}],"wp:attachment":[{"href":"http:\/\/elveracruzano.vip\/index.php?rest_route=%2Fwp%2Fv2%2Fmedia&parent=5998"}],"wp:term":[{"taxonomy":"category","embeddable":true,"href":"http:\/\/elveracruzano.vip\/index.php?rest_route=%2Fwp%2Fv2%2Fcategories&post=5998"},{"taxonomy":"post_tag","embeddable":true,"href":"http:\/\/elveracruzano.vip\/index.php?rest_route=%2Fwp%2Fv2%2Ftags&post=5998"}],"curies":[{"name":"wp","href":"https:\/\/api.w.org\/{rel}","templated":true}]}}