{"id":5948,"date":"2023-07-11T19:56:20","date_gmt":"2023-07-12T01:56:20","guid":{"rendered":"http:\/\/elveracruzano.vip\/?p=5948"},"modified":"2023-07-11T19:56:22","modified_gmt":"2023-07-12T01:56:22","slug":"mi-gobierno-es-ambientalista-compensa-obras-urbanas-con-medidas-preventivas-y-de-mitigacion-cuitlahuac-garcia-cuitlahuacgj-gobiernover","status":"publish","type":"post","link":"http:\/\/elveracruzano.vip\/?p=5948","title":{"rendered":"Mi Gobierno es ambientalista, compensa obras urbanas con medidas preventivas y de mitigaci\u00f3n: Cuitl\u00e1huac Garc\u00eda \/ @CuitlahuacGJ @GobiernoVer >>>"},"content":{"rendered":"\n<p><strong>#GobiernoDeVeracruz.- <\/strong>La planificaci\u00f3n de obras en Veracruz y su capital, con los debidos estudios de impacto ambiental, es una premisa de la administraci\u00f3n, asegur\u00f3 el gobernador Cuitl\u00e1huac Garc\u00eda Jim\u00e9nez sobre la construcci\u00f3n del paso superior vehicular a la altura de Urban Center y la necesidad de retirar algunos \u00e1rboles.<\/p>\n\n\n\n<p>Lament\u00f3 que muchos de los que se manifiestan son cr\u00edticos de sof\u00e1 y redes sociales, y no intervienen en los esfuerzos de reforestaci\u00f3n, afirmando que resolver el problema del tr\u00e1fico demanda realizar proyectos de gran calado.<\/p>\n\n\n\n<p>\u201cA L\u00e1zaro C\u00e1rdenas tenemos que darle soluci\u00f3n para entrar y salir r\u00e1pido; recibimos una ciudad ca\u00f3tica y tenemos que desatar los nudos en la salida a Veracruz con el puente de Las Trancas y la salida a M\u00e9xico con el de plaza Urban\u201d.<\/p>\n\n\n\n<p>Reiter\u00f3 que a la par de las obras en concreto hidr\u00e1ulico tambi\u00e9n existen acciones a favor del entorno, de ah\u00ed que felicit\u00f3 al alcalde Ricardo Ahued Bardahuil por adquirir un predio de seis hect\u00e1reas y destinarlo como \u00e1rea natural protegida, sumado al rescate del Parque Natura.<\/p>\n\n\n\n<p>Adem\u00e1s, la Secretar\u00eda de Medio Ambiente lleva a cabo jornadas de reforestaci\u00f3n, la \u00faltima con m\u00e1s de 80 mil \u00e1rboles y el pr\u00f3ximo 02 de septiembre est\u00e1 previsto sembrar cien mil en el Cofre de Perote, a fin de mitigar los efectos del cambio clim\u00e1tico.<\/p>\n\n\n\n<p>El mandatario se comprometi\u00f3 a atender la manifestaci\u00f3n contra la tala en L\u00e1zaro C\u00e1rdenas \u201cpues, efectivamente, son planchas de cemento que van a incrementar la sensaci\u00f3n t\u00e9rmica, pero vamos a compensar de manera inteligente y planificada\u201d.<\/p>\n\n\n\n<p>Record\u00f3 que el Gobierno es ambientalista y una de sus grandes aportaciones fue cancelar en 2019 las concesiones para minas y fracking, a iniciativa de la asociaci\u00f3n civil La Vida, entre otras que trabajan con intenciones leg\u00edtimas por preservar el patrimonio natural de Veracruz.<\/p>\n\n\n\n<p><strong>#ElVeracruzanoVIP &#8211; <\/strong><a href=\"https:\/\/www.facebook.com\/ElVeracruzanoVIP\/\">El Veracruzano VIP<\/a><\/p>\n","protected":false},"excerpt":{"rendered":"<p>#GobiernoDeVeracruz.- La planificaci\u00f3n de obras en Veracruz y su capital, con los debidos estudios de impacto ambiental, es una premisa<\/p>\n","protected":false},"author":4,"featured_media":5949,"comment_status":"open","ping_status":"open","sticky":false,"template":"","format":"standard","meta":{"colormag_page_container_layout":"default_layout","colormag_page_sidebar_layout":"default_layout","rop_custom_images_group":[],"rop_custom_messages_group":[],"rop_publish_now":"initial","rop_publish_now_accounts":{"facebook_109133384920963_108472061465099":""},"rop_publish_now_history":[],"rop_publish_now_status":"pending","footnotes":""},"categories":[13],"tags":[17,26,20,18,19,97,91,84,98,99,21,23,22],"class_list":["post-5948","post","type-post","status-publish","format-standard","has-post-thumbnail","hentry","category-principales","tag-cuitlahuac-garcia-jimenez","tag-el-veracruzano-vip","tag-enterate","tag-gobierno-del-estado-de-veracruz","tag-redes-sociales","tag-secretaria-de-educacion-publica","tag-secretaria-de-educacion-veracruz","tag-secretaria-de-proteccion-civil-del-estado-de-veracruz","tag-secretaria-del-medio-ambiente","tag-secretaria-del-trabajo-y-prevision-social","tag-ultima-hora","tag-ultimas-noticias","tag-ultimo-minuto"],"_links":{"self":[{"href":"http:\/\/elveracruzano.vip\/index.php?rest_route=\/wp\/v2\/posts\/5948","targetHints":{"allow":["GET"]}}],"collection":[{"href":"http:\/\/elveracruzano.vip\/index.php?rest_route=\/wp\/v2\/posts"}],"about":[{"href":"http:\/\/elveracruzano.vip\/index.php?rest_route=\/wp\/v2\/types\/post"}],"author":[{"embeddable":true,"href":"http:\/\/elveracruzano.vip\/index.php?rest_route=\/wp\/v2\/users\/4"}],"replies":[{"embeddable":true,"href":"http:\/\/elveracruzano.vip\/index.php?rest_route=%2Fwp%2Fv2%2Fcomments&post=5948"}],"version-history":[{"count":1,"href":"http:\/\/elveracruzano.vip\/index.php?rest_route=\/wp\/v2\/posts\/5948\/revisions"}],"predecessor-version":[{"id":5950,"href":"http:\/\/elveracruzano.vip\/index.php?rest_route=\/wp\/v2\/posts\/5948\/revisions\/5950"}],"wp:featuredmedia":[{"embeddable":true,"href":"http:\/\/elveracruzano.vip\/index.php?rest_route=\/wp\/v2\/media\/5949"}],"wp:attachment":[{"href":"http:\/\/elveracruzano.vip\/index.php?rest_route=%2Fwp%2Fv2%2Fmedia&parent=5948"}],"wp:term":[{"taxonomy":"category","embeddable":true,"href":"http:\/\/elveracruzano.vip\/index.php?rest_route=%2Fwp%2Fv2%2Fcategories&post=5948"},{"taxonomy":"post_tag","embeddable":true,"href":"http:\/\/elveracruzano.vip\/index.php?rest_route=%2Fwp%2Fv2%2Ftags&post=5948"}],"curies":[{"name":"wp","href":"https:\/\/api.w.org\/{rel}","templated":true}]}}