{"id":5646,"date":"2023-05-30T14:07:21","date_gmt":"2023-05-30T20:07:21","guid":{"rendered":"http:\/\/elveracruzano.vip\/?p=5646"},"modified":"2023-05-30T14:07:22","modified_gmt":"2023-05-30T20:07:22","slug":"boca-del-rio-capital-mundial-de-la-salsa-y-de-los-mejores-eventos-destaca-alcalde-juan-unanue-jm_unanue-_bocadelrio","status":"publish","type":"post","link":"http:\/\/elveracruzano.vip\/?p=5646","title":{"rendered":"Boca del R\u00edo, Capital Mundial de la Salsa y de los mejores eventos, destaca alcalde Juan Un\u00e1nue \/ @JM_UNANUE @_BocadelRio >>>"},"content":{"rendered":"\n<p><strong>#BocaDelR\u00edo, #Ver.- <\/strong>Se aproxima otro fin de semana lleno de diversas actividades en Boca del R\u00edo, destacando al municipio como la regi\u00f3n con mayor movilidad y reactivaci\u00f3n econ\u00f3mica del Estado de Veracruz, enfatiz\u00f3 el Alcalde Juan Manuel Un\u00e1nue Abascal.<\/p>\n\n\n\n<p>\u201cTenemos muchas actividades este pr\u00f3ximo fin de semana, se junta la Expo Feria Ganadera Ylang Ylang, el Salsa Fest y partidos de b\u00e9isbol, tenemos todo en Boca del R\u00edo para que la gente la pase bien\u201d, comparti\u00f3 el alcalde.<\/p>\n\n\n\n<p>Mencion\u00f3 que durante los d\u00edas 1, 2 y 3 de junio, Boca del R\u00edo le dar\u00e1 la bienvenida a una edici\u00f3n m\u00e1s del Salsa Fest, uno de los eventos musicales m\u00e1s esperados no solo en Veracruz, sino a nivel internacional.<\/p>\n\n\n\n<p>El Presidente Municipal resalt\u00f3 que en d\u00edas pasados se inici\u00f3 la instalaci\u00f3n tanto de gradas como del escenario donde se presentar\u00e1n los grandes artistas de talla internacional.<\/p>\n\n\n\n<p>Apunt\u00f3 que de igual manera, la administraci\u00f3n municipal ha mantenido una serie de reuniones de trabajo como parte de la coordinaci\u00f3n y comunicaci\u00f3n con Gobierno del Estado de Veracruz para que el Festival de la Salsa se realice con tranquilidad y seguridad.<\/p>\n\n\n\n<p>Por otra parte, Un\u00e1nue Abascal detall\u00f3 que por los trabajos de log\u00edstica en el sals\u00f3dromo, ya se realizan cortes a la circulaci\u00f3n vial, iniciando precisamente en el bulevar Vicente Fox en ambos sentidos.<\/p>\n\n\n\n<p><strong>#ElVeracruzanoVIP &#8211; <\/strong><a href=\"https:\/\/www.facebook.com\/ElVeracruzanoVIP\/\">El Veracruzano VIP<\/a><\/p>\n","protected":false},"excerpt":{"rendered":"<p>#BocaDelR\u00edo, #Ver.- Se aproxima otro fin de semana lleno de diversas actividades en Boca del R\u00edo, destacando al municipio como<\/p>\n","protected":false},"author":4,"featured_media":5647,"comment_status":"open","ping_status":"open","sticky":false,"template":"","format":"standard","meta":{"colormag_page_container_layout":"default_layout","colormag_page_sidebar_layout":"default_layout","rop_custom_images_group":[],"rop_custom_messages_group":[],"rop_publish_now":"initial","rop_publish_now_accounts":{"facebook_109133384920963_108472061465099":""},"rop_publish_now_history":[],"rop_publish_now_status":"pending","footnotes":""},"categories":[11],"tags":[35,17,26,20,18,34,19,100,97,91,84,98,99,21,23,22],"class_list":["post-5646","post","type-post","status-publish","format-standard","has-post-thumbnail","hentry","category-municipios-destacados","tag-boca-del-rio","tag-cuitlahuac-garcia-jimenez","tag-el-veracruzano-vip","tag-enterate","tag-gobierno-del-estado-de-veracruz","tag-juan-manuel-unanue","tag-redes-sociales","tag-secretaria-de-economia","tag-secretaria-de-educacion-publica","tag-secretaria-de-educacion-veracruz","tag-secretaria-de-proteccion-civil-del-estado-de-veracruz","tag-secretaria-del-medio-ambiente","tag-secretaria-del-trabajo-y-prevision-social","tag-ultima-hora","tag-ultimas-noticias","tag-ultimo-minuto"],"_links":{"self":[{"href":"http:\/\/elveracruzano.vip\/index.php?rest_route=\/wp\/v2\/posts\/5646","targetHints":{"allow":["GET"]}}],"collection":[{"href":"http:\/\/elveracruzano.vip\/index.php?rest_route=\/wp\/v2\/posts"}],"about":[{"href":"http:\/\/elveracruzano.vip\/index.php?rest_route=\/wp\/v2\/types\/post"}],"author":[{"embeddable":true,"href":"http:\/\/elveracruzano.vip\/index.php?rest_route=\/wp\/v2\/users\/4"}],"replies":[{"embeddable":true,"href":"http:\/\/elveracruzano.vip\/index.php?rest_route=%2Fwp%2Fv2%2Fcomments&post=5646"}],"version-history":[{"count":3,"href":"http:\/\/elveracruzano.vip\/index.php?rest_route=\/wp\/v2\/posts\/5646\/revisions"}],"predecessor-version":[{"id":5650,"href":"http:\/\/elveracruzano.vip\/index.php?rest_route=\/wp\/v2\/posts\/5646\/revisions\/5650"}],"wp:featuredmedia":[{"embeddable":true,"href":"http:\/\/elveracruzano.vip\/index.php?rest_route=\/wp\/v2\/media\/5647"}],"wp:attachment":[{"href":"http:\/\/elveracruzano.vip\/index.php?rest_route=%2Fwp%2Fv2%2Fmedia&parent=5646"}],"wp:term":[{"taxonomy":"category","embeddable":true,"href":"http:\/\/elveracruzano.vip\/index.php?rest_route=%2Fwp%2Fv2%2Fcategories&post=5646"},{"taxonomy":"post_tag","embeddable":true,"href":"http:\/\/elveracruzano.vip\/index.php?rest_route=%2Fwp%2Fv2%2Ftags&post=5646"}],"curies":[{"name":"wp","href":"https:\/\/api.w.org\/{rel}","templated":true}]}}