{"id":555,"date":"2022-01-15T13:03:37","date_gmt":"2022-01-15T19:03:37","guid":{"rendered":"http:\/\/elveracruzano.vip\/?p=555"},"modified":"2022-01-15T13:10:02","modified_gmt":"2022-01-15T19:10:02","slug":"para-conservar-un-municipio-limpio-el-municipio-de-boca-del-rio-invita-a-llevar-los-arboles-de-navidad-a-los-centros-de-acopio","status":"publish","type":"post","link":"http:\/\/elveracruzano.vip\/?p=555","title":{"rendered":"Para conservar un municipio limpio, Boca del R\u00edo invita a llevar los arboles de navidad a los centros de acopio"},"content":{"rendered":"\n<p><strong>#BocaDelR\u00edo<\/strong>, <strong>#Ver<\/strong>.- Con el fin de la temporada decembrina, el presidente municipal de Boca del R\u00edo, Juan Manuel Unanue, invit\u00f3 a los habitantes a responsabilizarse y no desechar los arboles de navidad en zonas transitadas; ofreciendo 3 centros de acopio donde se tratar\u00e1n con el protocolo adecuado. <\/p>\n\n\n\n<p>\u00abAyuda a mantener nuestra ciudad limpia y no abandones tus arbolitos de navidad en las calles\u00bb Expres\u00f3 el mun\u00edcipe. <\/p>\n\n\n\n<p>Los centros de acopio son:<\/p>\n\n\n\n<p>\u2022 Estacionamiento de Sodimac Home Center, Blvd. Ruiz Cortines Esq. M\u00e9dico Militar <\/p>\n\n\n\n<p>\u2022 Estacionamiento del parque Bomberos Col. Carranza <\/p>\n\n\n\n<p>\u2022 Boulevard Vicente Fox. A un costado del Oxxo<\/p>\n\n\n\n<div class=\"wp-block-image\"><figure class=\"aligncenter size-full is-resized\"><img loading=\"lazy\" decoding=\"async\" src=\"http:\/\/elveracruzano.vip\/wp-content\/uploads\/2022\/01\/boca2-1.jpg\" alt=\"\" class=\"wp-image-556\" width=\"454\" height=\"303\"\/><\/figure><\/div>\n\n\n\n<p><strong>#ElVeracruzanoVip<\/strong><\/p>\n","protected":false},"excerpt":{"rendered":"<p>#BocaDelR\u00edo, #Ver.- Con el fin de la temporada decembrina, el presidente municipal de Boca del R\u00edo, Juan Manuel Unanue, invit\u00f3<\/p>\n","protected":false},"author":1,"featured_media":0,"comment_status":"open","ping_status":"open","sticky":false,"template":"","format":"standard","meta":{"colormag_page_container_layout":"default_layout","colormag_page_sidebar_layout":"default_layout","rop_custom_images_group":[],"rop_custom_messages_group":[],"rop_publish_now":"initial","rop_publish_now_accounts":{"facebook_109133384920963_108472061465099":""},"rop_publish_now_history":[],"rop_publish_now_status":"pending","footnotes":""},"categories":[11],"tags":[35,76,26,20,18,19,21,23,22],"class_list":["post-555","post","type-post","status-publish","format-standard","hentry","category-municipios-destacados","tag-boca-del-rio","tag-dif-boca-del-rio","tag-el-veracruzano-vip","tag-enterate","tag-gobierno-del-estado-de-veracruz","tag-redes-sociales","tag-ultima-hora","tag-ultimas-noticias","tag-ultimo-minuto"],"_links":{"self":[{"href":"http:\/\/elveracruzano.vip\/index.php?rest_route=\/wp\/v2\/posts\/555","targetHints":{"allow":["GET"]}}],"collection":[{"href":"http:\/\/elveracruzano.vip\/index.php?rest_route=\/wp\/v2\/posts"}],"about":[{"href":"http:\/\/elveracruzano.vip\/index.php?rest_route=\/wp\/v2\/types\/post"}],"author":[{"embeddable":true,"href":"http:\/\/elveracruzano.vip\/index.php?rest_route=\/wp\/v2\/users\/1"}],"replies":[{"embeddable":true,"href":"http:\/\/elveracruzano.vip\/index.php?rest_route=%2Fwp%2Fv2%2Fcomments&post=555"}],"version-history":[{"count":2,"href":"http:\/\/elveracruzano.vip\/index.php?rest_route=\/wp\/v2\/posts\/555\/revisions"}],"predecessor-version":[{"id":568,"href":"http:\/\/elveracruzano.vip\/index.php?rest_route=\/wp\/v2\/posts\/555\/revisions\/568"}],"wp:attachment":[{"href":"http:\/\/elveracruzano.vip\/index.php?rest_route=%2Fwp%2Fv2%2Fmedia&parent=555"}],"wp:term":[{"taxonomy":"category","embeddable":true,"href":"http:\/\/elveracruzano.vip\/index.php?rest_route=%2Fwp%2Fv2%2Fcategories&post=555"},{"taxonomy":"post_tag","embeddable":true,"href":"http:\/\/elveracruzano.vip\/index.php?rest_route=%2Fwp%2Fv2%2Ftags&post=555"}],"curies":[{"name":"wp","href":"https:\/\/api.w.org\/{rel}","templated":true}]}}