{"id":5364,"date":"2023-04-25T11:15:18","date_gmt":"2023-04-25T16:15:18","guid":{"rendered":"http:\/\/elveracruzano.vip\/?p=5364"},"modified":"2023-04-25T11:15:19","modified_gmt":"2023-04-25T16:15:19","slug":"asistio-alcaldesa-paty-lobeira-a-la-primera-sesion-del-consejo-consultivo-del-centro-historico-de-veracruz-patyyunes-ayuntamientover","status":"publish","type":"post","link":"http:\/\/elveracruzano.vip\/?p=5364","title":{"rendered":"Asisti\u00f3 alcaldesa Paty Lobeira a la primera sesi\u00f3n del Consejo Consultivo del Centro Hist\u00f3rico de Veracruz \/ @PatyYunes @AyuntamientoVer >>>"},"content":{"rendered":"\n<p><strong>#Veracruz, #Ver.- <\/strong>Con la finalidad de fortalecer el compromiso y la colaboraci\u00f3n entre sociedad y gobierno, para preservar una de las zonas m\u00e1s importantes de la ciudad. <\/p>\n\n\n\n<p>Se llev\u00f3 a cabo la instalaci\u00f3n y primera sesi\u00f3n del Consejo Consultivo del Centro Hist\u00f3rico de Veracruz.<\/p>\n\n\n\n<figure class=\"wp-block-image aligncenter size-medium is-resized\"><img loading=\"lazy\" decoding=\"async\" src=\"http:\/\/elveracruzano.vip\/wp-content\/uploads\/2023\/04\/vera-tex-300x200.jpg\" alt=\"\" class=\"wp-image-5365\" width=\"484\" height=\"323\" srcset=\"http:\/\/elveracruzano.vip\/wp-content\/uploads\/2023\/04\/vera-tex-300x200.jpg 300w, http:\/\/elveracruzano.vip\/wp-content\/uploads\/2023\/04\/vera-tex-1024x683.jpg 1024w, http:\/\/elveracruzano.vip\/wp-content\/uploads\/2023\/04\/vera-tex-768x512.jpg 768w, http:\/\/elveracruzano.vip\/wp-content\/uploads\/2023\/04\/vera-tex-1536x1024.jpg 1536w, http:\/\/elveracruzano.vip\/wp-content\/uploads\/2023\/04\/vera-tex-600x400.jpg 600w, http:\/\/elveracruzano.vip\/wp-content\/uploads\/2023\/04\/vera-tex.jpg 2048w\" sizes=\"auto, (max-width: 484px) 100vw, 484px\" \/><\/figure>\n\n\n\n<p><strong>#ElVeracruzanoVIP &#8211; <\/strong><a href=\"https:\/\/www.facebook.com\/ElVeracruzanoVIP\/\">El Veracruzano VIP<\/a><\/p>\n","protected":false},"excerpt":{"rendered":"<p>#Veracruz, #Ver.- Con la finalidad de fortalecer el compromiso y la colaboraci\u00f3n entre sociedad y gobierno, para preservar una de<\/p>\n","protected":false},"author":4,"featured_media":5366,"comment_status":"open","ping_status":"open","sticky":false,"template":"","format":"standard","meta":{"colormag_page_container_layout":"default_layout","colormag_page_sidebar_layout":"default_layout","rop_custom_images_group":[],"rop_custom_messages_group":[],"rop_publish_now":"initial","rop_publish_now_accounts":{"facebook_109133384920963_108472061465099":""},"rop_publish_now_history":[],"rop_publish_now_status":"pending","footnotes":""},"categories":[8],"tags":[17,26,20,18,58,19,100,97,91,84,98,99,21,23,22,90],"class_list":["post-5364","post","type-post","status-publish","format-standard","has-post-thumbnail","hentry","category-alcaldesas","tag-cuitlahuac-garcia-jimenez","tag-el-veracruzano-vip","tag-enterate","tag-gobierno-del-estado-de-veracruz","tag-paty-lobeira-de-yunes","tag-redes-sociales","tag-secretaria-de-economia","tag-secretaria-de-educacion-publica","tag-secretaria-de-educacion-veracruz","tag-secretaria-de-proteccion-civil-del-estado-de-veracruz","tag-secretaria-del-medio-ambiente","tag-secretaria-del-trabajo-y-prevision-social","tag-ultima-hora","tag-ultimas-noticias","tag-ultimo-minuto","tag-veracruz-ciudad-y-puerto"],"_links":{"self":[{"href":"http:\/\/elveracruzano.vip\/index.php?rest_route=\/wp\/v2\/posts\/5364","targetHints":{"allow":["GET"]}}],"collection":[{"href":"http:\/\/elveracruzano.vip\/index.php?rest_route=\/wp\/v2\/posts"}],"about":[{"href":"http:\/\/elveracruzano.vip\/index.php?rest_route=\/wp\/v2\/types\/post"}],"author":[{"embeddable":true,"href":"http:\/\/elveracruzano.vip\/index.php?rest_route=\/wp\/v2\/users\/4"}],"replies":[{"embeddable":true,"href":"http:\/\/elveracruzano.vip\/index.php?rest_route=%2Fwp%2Fv2%2Fcomments&post=5364"}],"version-history":[{"count":1,"href":"http:\/\/elveracruzano.vip\/index.php?rest_route=\/wp\/v2\/posts\/5364\/revisions"}],"predecessor-version":[{"id":5367,"href":"http:\/\/elveracruzano.vip\/index.php?rest_route=\/wp\/v2\/posts\/5364\/revisions\/5367"}],"wp:featuredmedia":[{"embeddable":true,"href":"http:\/\/elveracruzano.vip\/index.php?rest_route=\/wp\/v2\/media\/5366"}],"wp:attachment":[{"href":"http:\/\/elveracruzano.vip\/index.php?rest_route=%2Fwp%2Fv2%2Fmedia&parent=5364"}],"wp:term":[{"taxonomy":"category","embeddable":true,"href":"http:\/\/elveracruzano.vip\/index.php?rest_route=%2Fwp%2Fv2%2Fcategories&post=5364"},{"taxonomy":"post_tag","embeddable":true,"href":"http:\/\/elveracruzano.vip\/index.php?rest_route=%2Fwp%2Fv2%2Ftags&post=5364"}],"curies":[{"name":"wp","href":"https:\/\/api.w.org\/{rel}","templated":true}]}}