{"id":5088,"date":"2023-03-23T17:07:04","date_gmt":"2023-03-23T23:07:04","guid":{"rendered":"http:\/\/elveracruzano.vip\/?p=5088"},"modified":"2023-03-23T17:07:06","modified_gmt":"2023-03-23T23:07:06","slug":"presidente-andres-manuel-destaca-amistad-y-puntos-de-coincidencia-con-sector-empresarial-lopezobrador_-gobiernomx","status":"publish","type":"post","link":"http:\/\/elveracruzano.vip\/?p=5088","title":{"rendered":"Presidente Andr\u00e9s Manuel destaca amistad y puntos de coincidencia con sector empresarial \/ @lopezobrador_ @GobiernoMX >>>"},"content":{"rendered":"\n<p><strong>#GobiernoDeM\u00e9xico.- <\/strong>El presidente Andr\u00e9s Manuel L\u00f3pez Obrador se reuni\u00f3 este jueves con\u00a0empresarios de M\u00e9xico y Estados Unidos,\u00a0a quienes expuso la situaci\u00f3n actual del pa\u00eds.<\/p>\n\n\n\n<p>\u201cHay amistad y coincidimos en las inmejorables oportunidades para M\u00e9xico\u201d, apunt\u00f3 en un mensaje en sus redes sociales.<\/p>\n\n\n\n<p>En la publicaci\u00f3n detall\u00f3 que asisti\u00f3 al\u00a0&#8216;Encuentro XVIII padres e hijos empresarios&#8217;\u00a0que promueven Carlos Slim y otros representantes del sector privado.<\/p>\n\n\n\n<p>Posteriormente, en Palacio Nacional recibi\u00f3 la visita de Larry Fink, presidente y director ejecutivo de BlackRock. En este di\u00e1logo, el jefe del Ejecutivo estuvo acompa\u00f1ado del secretario de Hacienda y Cr\u00e9dito P\u00fablico, Rogelio Ram\u00edrez de la O.<\/p>\n\n\n\n<p>Por parte del fondo de inversi\u00f3n participaron el director general de BlackRock M\u00e9xico, Sergio M\u00e9ndez; el responsable de BlackRock para Espa\u00f1a, Portugal y Andorra, Aitor Jauregui y el director general de la Fundaci\u00f3n BlackRock, Willie Alford.<\/p>\n\n\n\n<p><strong>#ElVeracruzanoVIP &#8211; <\/strong><a href=\"https:\/\/www.facebook.com\/ElVeracruzanoVIP\/\">El Veracruzano VIP<\/a><\/p>\n","protected":false},"excerpt":{"rendered":"<p>#GobiernoDeM\u00e9xico.- El presidente Andr\u00e9s Manuel L\u00f3pez Obrador se reuni\u00f3 este jueves con\u00a0empresarios de M\u00e9xico y Estados Unidos,\u00a0a quienes expuso la<\/p>\n","protected":false},"author":4,"featured_media":5089,"comment_status":"open","ping_status":"open","sticky":false,"template":"","format":"standard","meta":{"colormag_page_container_layout":"default_layout","colormag_page_sidebar_layout":"default_layout","rop_custom_images_group":[],"rop_custom_messages_group":[],"rop_publish_now":"initial","rop_publish_now_accounts":{"facebook_109133384920963_108472061465099":""},"rop_publish_now_history":[],"rop_publish_now_status":"pending","footnotes":""},"categories":[13],"tags":[28,17,26,20,29,18,19,100,97,91,84,98,99,21,23,22],"class_list":["post-5088","post","type-post","status-publish","format-standard","has-post-thumbnail","hentry","category-principales","tag-andres-manuel-lopez-obrado","tag-cuitlahuac-garcia-jimenez","tag-el-veracruzano-vip","tag-enterate","tag-gobierno-de-mexico","tag-gobierno-del-estado-de-veracruz","tag-redes-sociales","tag-secretaria-de-economia","tag-secretaria-de-educacion-publica","tag-secretaria-de-educacion-veracruz","tag-secretaria-de-proteccion-civil-del-estado-de-veracruz","tag-secretaria-del-medio-ambiente","tag-secretaria-del-trabajo-y-prevision-social","tag-ultima-hora","tag-ultimas-noticias","tag-ultimo-minuto"],"_links":{"self":[{"href":"http:\/\/elveracruzano.vip\/index.php?rest_route=\/wp\/v2\/posts\/5088","targetHints":{"allow":["GET"]}}],"collection":[{"href":"http:\/\/elveracruzano.vip\/index.php?rest_route=\/wp\/v2\/posts"}],"about":[{"href":"http:\/\/elveracruzano.vip\/index.php?rest_route=\/wp\/v2\/types\/post"}],"author":[{"embeddable":true,"href":"http:\/\/elveracruzano.vip\/index.php?rest_route=\/wp\/v2\/users\/4"}],"replies":[{"embeddable":true,"href":"http:\/\/elveracruzano.vip\/index.php?rest_route=%2Fwp%2Fv2%2Fcomments&post=5088"}],"version-history":[{"count":1,"href":"http:\/\/elveracruzano.vip\/index.php?rest_route=\/wp\/v2\/posts\/5088\/revisions"}],"predecessor-version":[{"id":5090,"href":"http:\/\/elveracruzano.vip\/index.php?rest_route=\/wp\/v2\/posts\/5088\/revisions\/5090"}],"wp:featuredmedia":[{"embeddable":true,"href":"http:\/\/elveracruzano.vip\/index.php?rest_route=\/wp\/v2\/media\/5089"}],"wp:attachment":[{"href":"http:\/\/elveracruzano.vip\/index.php?rest_route=%2Fwp%2Fv2%2Fmedia&parent=5088"}],"wp:term":[{"taxonomy":"category","embeddable":true,"href":"http:\/\/elveracruzano.vip\/index.php?rest_route=%2Fwp%2Fv2%2Fcategories&post=5088"},{"taxonomy":"post_tag","embeddable":true,"href":"http:\/\/elveracruzano.vip\/index.php?rest_route=%2Fwp%2Fv2%2Ftags&post=5088"}],"curies":[{"name":"wp","href":"https:\/\/api.w.org\/{rel}","templated":true}]}}