{"id":4907,"date":"2023-03-02T18:00:35","date_gmt":"2023-03-03T00:00:35","guid":{"rendered":"http:\/\/elveracruzano.vip\/?p=4907"},"modified":"2023-03-02T18:00:37","modified_gmt":"2023-03-03T00:00:37","slug":"asiste-alcaldesa-carmen-medel-a-la-inauguracion-de-la-sala-regional-unitaria-sur-dramedelpalma-gobminatitlan","status":"publish","type":"post","link":"http:\/\/elveracruzano.vip\/?p=4907","title":{"rendered":"Asiste alcaldesa Carmen Medel a la inauguraci\u00f3n de la Sala Regional Unitaria Sur \/ @DraMedelPalma @gobminatitlan  >>>"},"content":{"rendered":"\n<p><strong>#Minatitl\u00e1n, #Ver.-<\/strong> La Presidenta Municipal de Minatitl\u00e1n, Dra. Carmen Medel Palma, asisti\u00f3 a la inauguraci\u00f3n de la Sala Regional Unitaria Sur, que tiene como objetivo garantizar el derecho de acceso a la justicia administrativa.<\/p>\n\n\n\n<p>Misma que estar\u00e1 ubicada en avenida L\u00e1zaro C\u00e1rdenas, esquina Abasolo, No. 900, planta alta, colonia Mar\u00eda de la Piedad, en la ciudad de Coatzacoalcos, d\u00f3nde se atender\u00e1n a 49 <a><\/a>municipios de la regi\u00f3n.<\/p>\n\n\n\n<p>\u00abHoy Veracruz tiene un gran avance, pues los ciudadanos ya no tendr\u00e1n que viajar a la ciudad de Xalapa, desde esta nueva oficina, la poblaci\u00f3n del municipio y de todo el sur del estado contar\u00e1n con acceso a una justicia pronta y cercana\u00bb indic\u00f3 Medel Palma<\/p>\n\n\n\n<p>En el lugar salud\u00f3 a la Magistrada Presidenta, Leticia Aguilar Jim\u00e9nez, las Magistradas de la Sala Superior, Rosalba Garc\u00eda Salazar; Diana Ar\u00f3stegui Carballo, y al Magistrado titular de esta regi\u00f3n, Rub\u00e9n Hern\u00e1ndez Mendiola.<\/p>\n\n\n\n<p>As\u00ed como al Presidente Municipal de Coatzacoalcos, Amado Cruz Malpica; al Subsecretario de Finanzas y Administraci\u00f3n, Eleazar Guerrero P\u00e9rez; el Diputado, Marco Mart\u00ednez Amador; el Magistrado, C\u00e1ndido Nicanor Rivera; representantes de las barras de abogados de la zona.<\/p>\n\n\n\n<p><strong>#ElVeracruzanoVIP &#8211; <\/strong><a href=\"https:\/\/www.facebook.com\/ElVeracruzanoVIP\/\">El Veracruzano VIP<\/a><\/p>\n","protected":false},"excerpt":{"rendered":"<p>#Minatitl\u00e1n, #Ver.- La Presidenta Municipal de Minatitl\u00e1n, Dra. Carmen Medel Palma, asisti\u00f3 a la inauguraci\u00f3n de la Sala Regional Unitaria<\/p>\n","protected":false},"author":4,"featured_media":4908,"comment_status":"open","ping_status":"open","sticky":false,"template":"","format":"standard","meta":{"colormag_page_container_layout":"default_layout","colormag_page_sidebar_layout":"default_layout","rop_custom_images_group":[],"rop_custom_messages_group":[],"rop_publish_now":"initial","rop_publish_now_accounts":{"facebook_109133384920963_108472061465099":""},"rop_publish_now_history":[],"rop_publish_now_status":"pending","footnotes":""},"categories":[8],"tags":[80,17,26,20,18,39,19,100,97,91,84,98,99,21,23,22],"class_list":["post-4907","post","type-post","status-publish","format-standard","has-post-thumbnail","hentry","category-alcaldesas","tag-carmen-medel-palma","tag-cuitlahuac-garcia-jimenez","tag-el-veracruzano-vip","tag-enterate","tag-gobierno-del-estado-de-veracruz","tag-minatitlan","tag-redes-sociales","tag-secretaria-de-economia","tag-secretaria-de-educacion-publica","tag-secretaria-de-educacion-veracruz","tag-secretaria-de-proteccion-civil-del-estado-de-veracruz","tag-secretaria-del-medio-ambiente","tag-secretaria-del-trabajo-y-prevision-social","tag-ultima-hora","tag-ultimas-noticias","tag-ultimo-minuto"],"_links":{"self":[{"href":"http:\/\/elveracruzano.vip\/index.php?rest_route=\/wp\/v2\/posts\/4907","targetHints":{"allow":["GET"]}}],"collection":[{"href":"http:\/\/elveracruzano.vip\/index.php?rest_route=\/wp\/v2\/posts"}],"about":[{"href":"http:\/\/elveracruzano.vip\/index.php?rest_route=\/wp\/v2\/types\/post"}],"author":[{"embeddable":true,"href":"http:\/\/elveracruzano.vip\/index.php?rest_route=\/wp\/v2\/users\/4"}],"replies":[{"embeddable":true,"href":"http:\/\/elveracruzano.vip\/index.php?rest_route=%2Fwp%2Fv2%2Fcomments&post=4907"}],"version-history":[{"count":1,"href":"http:\/\/elveracruzano.vip\/index.php?rest_route=\/wp\/v2\/posts\/4907\/revisions"}],"predecessor-version":[{"id":4909,"href":"http:\/\/elveracruzano.vip\/index.php?rest_route=\/wp\/v2\/posts\/4907\/revisions\/4909"}],"wp:featuredmedia":[{"embeddable":true,"href":"http:\/\/elveracruzano.vip\/index.php?rest_route=\/wp\/v2\/media\/4908"}],"wp:attachment":[{"href":"http:\/\/elveracruzano.vip\/index.php?rest_route=%2Fwp%2Fv2%2Fmedia&parent=4907"}],"wp:term":[{"taxonomy":"category","embeddable":true,"href":"http:\/\/elveracruzano.vip\/index.php?rest_route=%2Fwp%2Fv2%2Fcategories&post=4907"},{"taxonomy":"post_tag","embeddable":true,"href":"http:\/\/elveracruzano.vip\/index.php?rest_route=%2Fwp%2Fv2%2Ftags&post=4907"}],"curies":[{"name":"wp","href":"https:\/\/api.w.org\/{rel}","templated":true}]}}