{"id":471,"date":"2022-01-12T12:24:31","date_gmt":"2022-01-12T18:24:31","guid":{"rendered":"http:\/\/elveracruzano.vip\/?p=471"},"modified":"2022-01-12T12:24:32","modified_gmt":"2022-01-12T18:24:32","slug":"invita-municipio-de-coatepec-a-la-campana-nacional-de-vacunacion-anti-influenza-estacional","status":"publish","type":"post","link":"http:\/\/elveracruzano.vip\/?p=471","title":{"rendered":"Invita municipio de Coatepec a la \u201cCampa\u00f1a Nacional de Vacunaci\u00f3n Anti Influenza Estacional\u201d"},"content":{"rendered":"\n<p><strong>#Coatepec<\/strong>, <strong>#Ver<\/strong>.- El Instituto Mexicano del Seguro Social (IMSS), invita a la poblaci\u00f3n en general de Coatepec, a la \u201cCampa\u00f1a Nacional de Vacunaci\u00f3n Anti Influenza Estacional\u201d.<\/p>\n\n\n\n<p>La aplicaci\u00f3n de la vacuna se estar\u00e1 realizando en la entrada del Palacio Municipal de Coatepec a partir del lunes 10 de enero al viernes 14 de enero en horario de atenci\u00f3n de 9:30 hrs. a 14:00 hrs. de forma gratuita. <\/p>\n\n\n\n<p>Los ni\u00f1os de 6 meses a 3 a\u00f1os, deben acudir con su cartilla de vacunaci\u00f3n, ni\u00f1os mayores de 3 a\u00f1os hasta adultos mayores pueden acudir y vacunarse proporcionando su nombre completo y fecha de nacimiento.<\/p>\n\n\n\n<p>La influenza es una enfermedad provocada por un virus que generalmente ataca el sistema respiratorio, es decir, nariz, garganta y en algunos casos, los pulmones, si bien, en la mayor\u00eda de los casos induce una enfermedad leve, en algunas condiciones puede provocar la muerte, por eso de la importancia de estar vacunados.<\/p>\n\n\n\n<div class=\"wp-block-image\"><figure class=\"aligncenter size-large is-resized\"><img loading=\"lazy\" decoding=\"async\" src=\"http:\/\/elveracruzano.vip\/wp-content\/uploads\/2022\/01\/coa2-1024x682.jpg\" alt=\"\" class=\"wp-image-472\" width=\"505\" height=\"336\"\/><\/figure><\/div>\n\n\n\n<p><strong>#ElVeracruzanoVip<\/strong><\/p>\n","protected":false},"excerpt":{"rendered":"<p>#Coatepec, #Ver.- El Instituto Mexicano del Seguro Social (IMSS), invita a la poblaci\u00f3n en general de Coatepec, a la \u201cCampa\u00f1a<\/p>\n","protected":false},"author":4,"featured_media":0,"comment_status":"open","ping_status":"open","sticky":false,"template":"","format":"standard","meta":{"colormag_page_container_layout":"default_layout","colormag_page_sidebar_layout":"default_layout","rop_custom_images_group":[],"rop_custom_messages_group":[],"rop_publish_now":"initial","rop_publish_now_accounts":{"facebook_109133384920963_108472061465099":""},"rop_publish_now_history":[],"rop_publish_now_status":"pending","footnotes":""},"categories":[10],"tags":[40,50,26,20,18,73,19,21,23,22],"class_list":["post-471","post","type-post","status-publish","format-standard","hentry","category-municipios","tag-coatepec","tag-dif-coatepec","tag-el-veracruzano-vip","tag-enterate","tag-gobierno-del-estado-de-veracruz","tag-raymundo-andrade-rivera","tag-redes-sociales","tag-ultima-hora","tag-ultimas-noticias","tag-ultimo-minuto"],"_links":{"self":[{"href":"http:\/\/elveracruzano.vip\/index.php?rest_route=\/wp\/v2\/posts\/471","targetHints":{"allow":["GET"]}}],"collection":[{"href":"http:\/\/elveracruzano.vip\/index.php?rest_route=\/wp\/v2\/posts"}],"about":[{"href":"http:\/\/elveracruzano.vip\/index.php?rest_route=\/wp\/v2\/types\/post"}],"author":[{"embeddable":true,"href":"http:\/\/elveracruzano.vip\/index.php?rest_route=\/wp\/v2\/users\/4"}],"replies":[{"embeddable":true,"href":"http:\/\/elveracruzano.vip\/index.php?rest_route=%2Fwp%2Fv2%2Fcomments&post=471"}],"version-history":[{"count":1,"href":"http:\/\/elveracruzano.vip\/index.php?rest_route=\/wp\/v2\/posts\/471\/revisions"}],"predecessor-version":[{"id":474,"href":"http:\/\/elveracruzano.vip\/index.php?rest_route=\/wp\/v2\/posts\/471\/revisions\/474"}],"wp:attachment":[{"href":"http:\/\/elveracruzano.vip\/index.php?rest_route=%2Fwp%2Fv2%2Fmedia&parent=471"}],"wp:term":[{"taxonomy":"category","embeddable":true,"href":"http:\/\/elveracruzano.vip\/index.php?rest_route=%2Fwp%2Fv2%2Fcategories&post=471"},{"taxonomy":"post_tag","embeddable":true,"href":"http:\/\/elveracruzano.vip\/index.php?rest_route=%2Fwp%2Fv2%2Ftags&post=471"}],"curies":[{"name":"wp","href":"https:\/\/api.w.org\/{rel}","templated":true}]}}