{"id":4649,"date":"2023-02-02T18:06:19","date_gmt":"2023-02-03T00:06:19","guid":{"rendered":"http:\/\/elveracruzano.vip\/?p=4649"},"modified":"2023-02-02T18:06:20","modified_gmt":"2023-02-03T00:06:20","slug":"abre-dif-municipal-de-coatzacoalcos-periodo-de-preinscripcion-en-cadis-cruzmalpica-coatzagob","status":"publish","type":"post","link":"http:\/\/elveracruzano.vip\/?p=4649","title":{"rendered":"Abre DIF municipal de Coatzacoalcos periodo de preinscripci\u00f3n en CADIS \/ @CruzMalpica @coatzagob >>>"},"content":{"rendered":"\n<p><strong>#Coatzacoalcos, #Ver.- <\/strong>El DIF Municipal de Coatzacoalcos que preside la se\u00f1ora Esther Mortera Zetina, abri\u00f3 el periodo de preinscripci\u00f3n en los Centros Asistenciales de Desarrollo Infantil (CADI) para el nuevo ciclo escolar 2023.<\/p>\n\n\n\n<p>Irma Aurora Rosaldo Enr\u00edquez, de la Subdirecci\u00f3n de Servicio para la Atenci\u00f3n, Cuidado y Desarrollo Integral Infantil (SACDII) 2024 inform\u00f3 que el periodo de preinscripci\u00f3n ser\u00e1 del 01 al 16 de febrero los padres de familia pueden acudir al CADI que se ubique m\u00e1s cerca de su domicilio.<\/p>\n\n\n\n<p>El organismo asistencial cuenta con seis estancias infantiles en el municipio y algunas congregaciones.<\/p>\n\n\n\n<p>Las instalaciones cuentan con espacios sanitizados, adem\u00e1s, el personal docente est\u00e1 altamente capacitado para la atenci\u00f3n y cuidado del menor.<\/p>\n\n\n\n<p>Los CADIS se ubican en las siguientes direcciones y atienden en un horario de 9:00 a 12:00 horas.<\/p>\n\n\n\n<p>El CADI Allende se ubica en avenida Zaragoza No. 303 en Villa Allende; el CADI Mundo Nuevo se ubica en avenida L\u00e1zaro C\u00e1rdenas s\/n; CADI Coatzacoalcos en avenida Constituci\u00f3n s\/n de la colonia Ejidal; CADI Eva S\u00e1mano se ubica en avenida Zamora No. 803 de la colonia Centro; CADI Francisco Villa sobre avenida Kulkulc\u00e1n esquina Divisi\u00f3n del Norte y el CADI Puerto M\u00e9xico se ubica sobre avenida Madero No. 2400 esquina Ambrosio Sol\u00f3rzano de la colonia Puerto M\u00e9xico.<\/p>\n\n\n\n<p>Es importante que los padres acudan con los siguientes requisitos: acta de nacimiento del menor; CURP del menor; cartilla de vacunaci\u00f3n; identificaci\u00f3n oficial (INE) del padre o tutor.<\/p>\n\n\n\n<p><strong>#ElVeracruzanoVIP &#8211; <\/strong><a href=\"https:\/\/www.facebook.com\/ElVeracruzanoVIP\/\">El Veracruzano VIP<\/a><\/p>\n","protected":false},"excerpt":{"rendered":"<p>#Coatzacoalcos, #Ver.- El DIF Municipal de Coatzacoalcos que preside la se\u00f1ora Esther Mortera Zetina, abri\u00f3 el periodo de preinscripci\u00f3n en<\/p>\n","protected":false},"author":4,"featured_media":4650,"comment_status":"open","ping_status":"open","sticky":false,"template":"","format":"standard","meta":{"colormag_page_container_layout":"default_layout","colormag_page_sidebar_layout":"default_layout","rop_custom_images_group":[],"rop_custom_messages_group":[],"rop_publish_now":"initial","rop_publish_now_accounts":{"facebook_109133384920963_108472061465099":""},"rop_publish_now_history":[],"rop_publish_now_status":"pending","footnotes":""},"categories":[10],"tags":[78,37,17,26,20,18,19,97,91,84,98,99,21,23,22],"class_list":["post-4649","post","type-post","status-publish","format-standard","has-post-thumbnail","hentry","category-municipios","tag-amado-cruz-malpica","tag-coatzacoalcos","tag-cuitlahuac-garcia-jimenez","tag-el-veracruzano-vip","tag-enterate","tag-gobierno-del-estado-de-veracruz","tag-redes-sociales","tag-secretaria-de-educacion-publica","tag-secretaria-de-educacion-veracruz","tag-secretaria-de-proteccion-civil-del-estado-de-veracruz","tag-secretaria-del-medio-ambiente","tag-secretaria-del-trabajo-y-prevision-social","tag-ultima-hora","tag-ultimas-noticias","tag-ultimo-minuto"],"_links":{"self":[{"href":"http:\/\/elveracruzano.vip\/index.php?rest_route=\/wp\/v2\/posts\/4649","targetHints":{"allow":["GET"]}}],"collection":[{"href":"http:\/\/elveracruzano.vip\/index.php?rest_route=\/wp\/v2\/posts"}],"about":[{"href":"http:\/\/elveracruzano.vip\/index.php?rest_route=\/wp\/v2\/types\/post"}],"author":[{"embeddable":true,"href":"http:\/\/elveracruzano.vip\/index.php?rest_route=\/wp\/v2\/users\/4"}],"replies":[{"embeddable":true,"href":"http:\/\/elveracruzano.vip\/index.php?rest_route=%2Fwp%2Fv2%2Fcomments&post=4649"}],"version-history":[{"count":1,"href":"http:\/\/elveracruzano.vip\/index.php?rest_route=\/wp\/v2\/posts\/4649\/revisions"}],"predecessor-version":[{"id":4651,"href":"http:\/\/elveracruzano.vip\/index.php?rest_route=\/wp\/v2\/posts\/4649\/revisions\/4651"}],"wp:featuredmedia":[{"embeddable":true,"href":"http:\/\/elveracruzano.vip\/index.php?rest_route=\/wp\/v2\/media\/4650"}],"wp:attachment":[{"href":"http:\/\/elveracruzano.vip\/index.php?rest_route=%2Fwp%2Fv2%2Fmedia&parent=4649"}],"wp:term":[{"taxonomy":"category","embeddable":true,"href":"http:\/\/elveracruzano.vip\/index.php?rest_route=%2Fwp%2Fv2%2Fcategories&post=4649"},{"taxonomy":"post_tag","embeddable":true,"href":"http:\/\/elveracruzano.vip\/index.php?rest_route=%2Fwp%2Fv2%2Ftags&post=4649"}],"curies":[{"name":"wp","href":"https:\/\/api.w.org\/{rel}","templated":true}]}}