{"id":4623,"date":"2023-02-02T17:12:44","date_gmt":"2023-02-02T23:12:44","guid":{"rendered":"http:\/\/elveracruzano.vip\/?p=4623"},"modified":"2023-02-02T17:12:45","modified_gmt":"2023-02-02T23:12:45","slug":"con-espacios-deportivos-renovados-veracruz-y-boca-del-rio-se-transforman-cuitlahuacgj-gobiernover","status":"publish","type":"post","link":"http:\/\/elveracruzano.vip\/?p=4623","title":{"rendered":"Con espacios deportivos renovados, Veracruz y Boca del R\u00edo se transforman \/ @CuitlahuacGJ @GobiernoVer >>>"},"content":{"rendered":"\n<p><strong>#GobiernoDeVeracruz.- <\/strong>En la zona conurbada Veracruz-Boca del R\u00edo, el Gobierno de la Cuarta Transformaci\u00f3n est\u00e1 dejando evidencia de c\u00f3mo promover el desarrollo econ\u00f3mico a la par del bienestar social y el impulso a la juventud; esto, mediante la construcci\u00f3n y rehabilitaci\u00f3n de espacios estrat\u00e9gicos para el deporte.<\/p>\n\n\n\n<p>Al supervisar los avances de las acciones emprendidas, el gobernador Cuitl\u00e1huac Garc\u00eda Jim\u00e9nez hizo un recuento de lo ya logrado, como el rescate del edificio del Instituto Veracruzano del Deporte, que tambi\u00e9n alberga a la Procuradur\u00eda Estatal de Protecci\u00f3n al Medio Ambiente y permite un ahorro mensual de 170 mil pesos en rentas.<\/p>\n\n\n\n<p>No muy lejos de ah\u00ed se encuentran el reci\u00e9n renovado Estadio Beto \u00c1vila, sede del \u00c1guila de Veracruz, el cual recibi\u00f3 una inversi\u00f3n de 78.11 millones de pesos; adem\u00e1s del Bachillerato Tecnol\u00f3gico Deportivo con la especialidad en b\u00e9isbol, que construyen la Federaci\u00f3n y la administraci\u00f3n estatal.<\/p>\n\n\n\n<p>Desde el pasado mes de agosto comenzaron ah\u00ed las pruebas de admisi\u00f3n a m\u00e1s de cien aspirantes, mismos que tendr\u00e1n acceso a becas, estancia y alimentos subsidiados por el Gobierno a fin de que contin\u00faen su preparaci\u00f3n acad\u00e9mica.<\/p>\n\n\n\n<p>Detr\u00e1s del complejo Leyes de Reforma, la Secretar\u00eda de Infraestructura y Obras P\u00fablicas concluy\u00f3 la modernizaci\u00f3n de la calle Antonio de Alaminos, entre Paseo de las Flores y Paseo de las Jacarandas; se trata de 800 metros lineales de concreto hidr\u00e1ulico, con banquetas y luminarias, donde la gente podr\u00e1 disfrutar y transitar en un ambiente seguro.<\/p>\n\n\n\n<p>El Gobernador destac\u00f3 los trabajos de mantenimiento en el Estadio Luis Pirata Fuente, con miras a dejarlo en las mejores condiciones para recibir un equipo que acceda a la primera divisi\u00f3n de la Liga Mexicana de Futbol.<\/p>\n\n\n\n<p><strong>#ElVeracruzanoVIP &#8211; <\/strong><a href=\"https:\/\/www.facebook.com\/ElVeracruzanoVIP\/\">El Veracruzano VIP<\/a><\/p>\n","protected":false},"excerpt":{"rendered":"<p>#GobiernoDeVeracruz.- En la zona conurbada Veracruz-Boca del R\u00edo, el Gobierno de la Cuarta Transformaci\u00f3n est\u00e1 dejando evidencia de c\u00f3mo promover<\/p>\n","protected":false},"author":4,"featured_media":4624,"comment_status":"open","ping_status":"open","sticky":false,"template":"","format":"standard","meta":{"colormag_page_container_layout":"default_layout","colormag_page_sidebar_layout":"default_layout","rop_custom_images_group":[],"rop_custom_messages_group":[],"rop_publish_now":"initial","rop_publish_now_accounts":{"facebook_109133384920963_108472061465099":""},"rop_publish_now_history":[],"rop_publish_now_status":"pending","footnotes":""},"categories":[13],"tags":[17,26,20,18,19,100,97,91,84,98,99,21,23,22],"class_list":["post-4623","post","type-post","status-publish","format-standard","has-post-thumbnail","hentry","category-principales","tag-cuitlahuac-garcia-jimenez","tag-el-veracruzano-vip","tag-enterate","tag-gobierno-del-estado-de-veracruz","tag-redes-sociales","tag-secretaria-de-economia","tag-secretaria-de-educacion-publica","tag-secretaria-de-educacion-veracruz","tag-secretaria-de-proteccion-civil-del-estado-de-veracruz","tag-secretaria-del-medio-ambiente","tag-secretaria-del-trabajo-y-prevision-social","tag-ultima-hora","tag-ultimas-noticias","tag-ultimo-minuto"],"_links":{"self":[{"href":"http:\/\/elveracruzano.vip\/index.php?rest_route=\/wp\/v2\/posts\/4623","targetHints":{"allow":["GET"]}}],"collection":[{"href":"http:\/\/elveracruzano.vip\/index.php?rest_route=\/wp\/v2\/posts"}],"about":[{"href":"http:\/\/elveracruzano.vip\/index.php?rest_route=\/wp\/v2\/types\/post"}],"author":[{"embeddable":true,"href":"http:\/\/elveracruzano.vip\/index.php?rest_route=\/wp\/v2\/users\/4"}],"replies":[{"embeddable":true,"href":"http:\/\/elveracruzano.vip\/index.php?rest_route=%2Fwp%2Fv2%2Fcomments&post=4623"}],"version-history":[{"count":1,"href":"http:\/\/elveracruzano.vip\/index.php?rest_route=\/wp\/v2\/posts\/4623\/revisions"}],"predecessor-version":[{"id":4625,"href":"http:\/\/elveracruzano.vip\/index.php?rest_route=\/wp\/v2\/posts\/4623\/revisions\/4625"}],"wp:featuredmedia":[{"embeddable":true,"href":"http:\/\/elveracruzano.vip\/index.php?rest_route=\/wp\/v2\/media\/4624"}],"wp:attachment":[{"href":"http:\/\/elveracruzano.vip\/index.php?rest_route=%2Fwp%2Fv2%2Fmedia&parent=4623"}],"wp:term":[{"taxonomy":"category","embeddable":true,"href":"http:\/\/elveracruzano.vip\/index.php?rest_route=%2Fwp%2Fv2%2Fcategories&post=4623"},{"taxonomy":"post_tag","embeddable":true,"href":"http:\/\/elveracruzano.vip\/index.php?rest_route=%2Fwp%2Fv2%2Ftags&post=4623"}],"curies":[{"name":"wp","href":"https:\/\/api.w.org\/{rel}","templated":true}]}}