{"id":4602,"date":"2023-01-31T17:18:04","date_gmt":"2023-01-31T23:18:04","guid":{"rendered":"http:\/\/elveracruzano.vip\/?p=4602"},"modified":"2023-01-31T17:19:31","modified_gmt":"2023-01-31T23:19:31","slug":"ayuntamiento-de-coatepec-y-enlace-de-salud-llevaron-a-cabo-platica-informativa-y-termo-nebulizacion-en-escuelas-primarias-raymundoandradr-gobcoatepec","status":"publish","type":"post","link":"http:\/\/elveracruzano.vip\/?p=4602","title":{"rendered":"Ayuntamiento de Coatepec y Enlace de Salud llevaron a cabo termo nebulizaci\u00f3n en escuelas primarias de Tuzamapan \/ @RaymundoAndradR @GobCoatepec >>"},"content":{"rendered":"\n<p><strong>#Coatepec, #Ver.- <\/strong>El H. Ayuntamiento de Coatepec a trav\u00e9s de la Regidur\u00eda Octava y Enlace de Salud, en coordinaci\u00f3n con el \u00e1rea de promoci\u00f3n de la salud del Centro de Salud Coatepec, llevaron a cabo la charla informativa sobre la eliminaci\u00f3n masiva de criaderos de larvas y ciclo de vida del mosquito transmisor del dengue a alumnos de la Escuela Primaria Miguel Alem\u00e1n y Escuela Telesecundaria Adalberto Tejeda en la localidad de Tuzamapan.<\/p>\n\n\n\n<p>Tambi\u00e9n se realiz\u00f3 la termo nebulizaci\u00f3n por Vectores por parte de la Jurisdicci\u00f3n Sanitaria V. en esta zona escolar, la eliminaci\u00f3n masiva de criaderos de larvas, as\u00ed como la repartici\u00f3n de d\u00edpticos informativos con el fin de crear conciencia acerca de la importancia de prevenir la propagaci\u00f3n del mosquito transmisor del dengue, zika y chikungunya, haciendo un llamado a la ciudadan\u00eda a mantener limpias sus casas, patios y azoteas, libres de cualquier objeto que pueda almacenar agua.<\/p>\n\n\n\n<figure class=\"wp-block-image aligncenter size-medium is-resized\"><img loading=\"lazy\" decoding=\"async\" src=\"http:\/\/elveracruzano.vip\/wp-content\/uploads\/2023\/01\/coate-tex-3-300x224.jpg\" alt=\"\" class=\"wp-image-4605\" width=\"493\" height=\"368\" srcset=\"http:\/\/elveracruzano.vip\/wp-content\/uploads\/2023\/01\/coate-tex-3-300x224.jpg 300w, http:\/\/elveracruzano.vip\/wp-content\/uploads\/2023\/01\/coate-tex-3-1024x766.jpg 1024w, http:\/\/elveracruzano.vip\/wp-content\/uploads\/2023\/01\/coate-tex-3-768x575.jpg 768w, http:\/\/elveracruzano.vip\/wp-content\/uploads\/2023\/01\/coate-tex-3-1536x1149.jpg 1536w, http:\/\/elveracruzano.vip\/wp-content\/uploads\/2023\/01\/coate-tex-3-600x449.jpg 600w, http:\/\/elveracruzano.vip\/wp-content\/uploads\/2023\/01\/coate-tex-3.jpg 1600w\" sizes=\"auto, (max-width: 493px) 100vw, 493px\" \/><\/figure>\n\n\n\n<p><strong>#ElVeracruzanoVIP &#8211; <\/strong><a href=\"https:\/\/www.facebook.com\/ElVeracruzanoVIP\/\">El Veracruzano VIP<\/a><\/p>\n","protected":false},"excerpt":{"rendered":"<p>#Coatepec, #Ver.- El H. Ayuntamiento de Coatepec a trav\u00e9s de la Regidur\u00eda Octava y Enlace de Salud, en coordinaci\u00f3n con<\/p>\n","protected":false},"author":4,"featured_media":4604,"comment_status":"open","ping_status":"open","sticky":false,"template":"","format":"standard","meta":{"colormag_page_container_layout":"default_layout","colormag_page_sidebar_layout":"default_layout","rop_custom_images_group":[],"rop_custom_messages_group":[],"rop_publish_now":"initial","rop_publish_now_accounts":{"facebook_109133384920963_108472061465099":""},"rop_publish_now_history":[],"rop_publish_now_status":"pending","footnotes":""},"categories":[10],"tags":[17,26,20,18,83,73,19,100,97,91,84,98,99,21,23,22],"class_list":["post-4602","post","type-post","status-publish","format-standard","has-post-thumbnail","hentry","category-municipios","tag-cuitlahuac-garcia-jimenez","tag-el-veracruzano-vip","tag-enterate","tag-gobierno-del-estado-de-veracruz","tag-gobierno-municipal-de-coatepec","tag-raymundo-andrade-rivera","tag-redes-sociales","tag-secretaria-de-economia","tag-secretaria-de-educacion-publica","tag-secretaria-de-educacion-veracruz","tag-secretaria-de-proteccion-civil-del-estado-de-veracruz","tag-secretaria-del-medio-ambiente","tag-secretaria-del-trabajo-y-prevision-social","tag-ultima-hora","tag-ultimas-noticias","tag-ultimo-minuto"],"_links":{"self":[{"href":"http:\/\/elveracruzano.vip\/index.php?rest_route=\/wp\/v2\/posts\/4602","targetHints":{"allow":["GET"]}}],"collection":[{"href":"http:\/\/elveracruzano.vip\/index.php?rest_route=\/wp\/v2\/posts"}],"about":[{"href":"http:\/\/elveracruzano.vip\/index.php?rest_route=\/wp\/v2\/types\/post"}],"author":[{"embeddable":true,"href":"http:\/\/elveracruzano.vip\/index.php?rest_route=\/wp\/v2\/users\/4"}],"replies":[{"embeddable":true,"href":"http:\/\/elveracruzano.vip\/index.php?rest_route=%2Fwp%2Fv2%2Fcomments&post=4602"}],"version-history":[{"count":2,"href":"http:\/\/elveracruzano.vip\/index.php?rest_route=\/wp\/v2\/posts\/4602\/revisions"}],"predecessor-version":[{"id":4608,"href":"http:\/\/elveracruzano.vip\/index.php?rest_route=\/wp\/v2\/posts\/4602\/revisions\/4608"}],"wp:featuredmedia":[{"embeddable":true,"href":"http:\/\/elveracruzano.vip\/index.php?rest_route=\/wp\/v2\/media\/4604"}],"wp:attachment":[{"href":"http:\/\/elveracruzano.vip\/index.php?rest_route=%2Fwp%2Fv2%2Fmedia&parent=4602"}],"wp:term":[{"taxonomy":"category","embeddable":true,"href":"http:\/\/elveracruzano.vip\/index.php?rest_route=%2Fwp%2Fv2%2Fcategories&post=4602"},{"taxonomy":"post_tag","embeddable":true,"href":"http:\/\/elveracruzano.vip\/index.php?rest_route=%2Fwp%2Fv2%2Ftags&post=4602"}],"curies":[{"name":"wp","href":"https:\/\/api.w.org\/{rel}","templated":true}]}}