{"id":4573,"date":"2023-01-26T18:20:35","date_gmt":"2023-01-27T00:20:35","guid":{"rendered":"http:\/\/elveracruzano.vip\/?p=4573"},"modified":"2023-01-26T18:20:36","modified_gmt":"2023-01-27T00:20:36","slug":"inauguro-alcaldesa-paty-lobeira-rehabilitacion-integral-del-alumbrado-publico-en-veracruz-patyyunes-ayuntamientover","status":"publish","type":"post","link":"http:\/\/elveracruzano.vip\/?p=4573","title":{"rendered":"Inaugur\u00f3 alcaldesa Paty Lobeira rehabilitaci\u00f3n integral del alumbrado p\u00fablico en Veracruz \/ @PatyYunes @AyuntamientoVer >>>"},"content":{"rendered":"\n<p><strong>#Veracruz, #Ver.- <\/strong>En la calle Isabel La Cat\u00f3lica del fraccionamiento Reforma, la alcaldesa Paty Lobeira de Yunes realiz\u00f3 el encendido de las luminarias que forman parte del \u201cPrograma de Rehabilitaci\u00f3n Integral de la Infraestructura de las Redes de Alumbrado P\u00fablico\u201d en la ciudad.<\/p>\n\n\n\n<p>Acompa\u00f1ada por vecinos de la zona, la Alcaldesa manifest\u00f3 que estos trabajos se realizaron en la calle Isabel la Cat\u00f3lica, de la avenida Costa Verde hasta la avenida Espa\u00f1a, realizando el remplazo y la instalaci\u00f3n de 44 Postes met\u00e1licos en la acera del camell\u00f3n central con luminarias LED de 70 watts, y 18 postes tipo hacienda en el andador central, tambi\u00e9n con luminaria LED de 60 watts.<\/p>\n\n\n\n<p>Inform\u00f3 que, adem\u00e1s, se ranur\u00f3 y se coloc\u00f3 tuber\u00eda PAD para dejar la instalaci\u00f3n el\u00e9ctrica de manera subterr\u00e1nea y se colocaron 64 nuevos registros.<\/p>\n\n\n\n<p>\u201cCon estas obras renovamos la iluminaci\u00f3n completa de esta avenida y recuperamos espacios seguros para m\u00e1s de 2 mil habitantes que viven o tienen establecimientos comerciales en la zona, y de manera indirecta para un n\u00famero mucho mayor de ciudadanos y visitantes que transitan a diario por esta avenida, dijo la Alcaldesa.<\/p>\n\n\n\n<p>Afirm\u00f3 que con el mejoramiento de la iluminaci\u00f3n de esta vialidad se favorece el desarrollo social y econ\u00f3mico de esta importante zona, adem\u00e1s de mejorar la seguridad tanto de peatones como de los automovilistas.<\/p>\n\n\n\n<p>Destac\u00f3 que estos trabajos se suman a los realizados en los camellones centrales de la carrera Veracruz-Xalapa -en la entrada a la ciudad por Santa Fe, Tamsa y Cabeza Olmeca-, y en el Fraccionamiento Nuevo Veracruz, desde el entronque de la carretera federal Veracruz-Xalapa hasta Lomas del Vergel.<\/p>\n\n\n\n<p><strong>#ElVeracruzanoVIP &#8211; <\/strong><a href=\"https:\/\/www.facebook.com\/ElVeracruzanoVIP\/\">El Veracruzano VIP<\/a><\/p>\n","protected":false},"excerpt":{"rendered":"<p>#Veracruz, #Ver.- En la calle Isabel La Cat\u00f3lica del fraccionamiento Reforma, la alcaldesa Paty Lobeira de Yunes realiz\u00f3 el encendido<\/p>\n","protected":false},"author":4,"featured_media":4574,"comment_status":"open","ping_status":"open","sticky":false,"template":"","format":"standard","meta":{"colormag_page_container_layout":"default_layout","colormag_page_sidebar_layout":"default_layout","rop_custom_images_group":[],"rop_custom_messages_group":[],"rop_publish_now":"initial","rop_publish_now_accounts":{"facebook_109133384920963_108472061465099":""},"rop_publish_now_history":[],"rop_publish_now_status":"pending","footnotes":""},"categories":[8],"tags":[17,26,20,18,58,19,100,97,91,84,98,99,21,23,22,90],"class_list":["post-4573","post","type-post","status-publish","format-standard","has-post-thumbnail","hentry","category-alcaldesas","tag-cuitlahuac-garcia-jimenez","tag-el-veracruzano-vip","tag-enterate","tag-gobierno-del-estado-de-veracruz","tag-paty-lobeira-de-yunes","tag-redes-sociales","tag-secretaria-de-economia","tag-secretaria-de-educacion-publica","tag-secretaria-de-educacion-veracruz","tag-secretaria-de-proteccion-civil-del-estado-de-veracruz","tag-secretaria-del-medio-ambiente","tag-secretaria-del-trabajo-y-prevision-social","tag-ultima-hora","tag-ultimas-noticias","tag-ultimo-minuto","tag-veracruz-ciudad-y-puerto"],"_links":{"self":[{"href":"http:\/\/elveracruzano.vip\/index.php?rest_route=\/wp\/v2\/posts\/4573","targetHints":{"allow":["GET"]}}],"collection":[{"href":"http:\/\/elveracruzano.vip\/index.php?rest_route=\/wp\/v2\/posts"}],"about":[{"href":"http:\/\/elveracruzano.vip\/index.php?rest_route=\/wp\/v2\/types\/post"}],"author":[{"embeddable":true,"href":"http:\/\/elveracruzano.vip\/index.php?rest_route=\/wp\/v2\/users\/4"}],"replies":[{"embeddable":true,"href":"http:\/\/elveracruzano.vip\/index.php?rest_route=%2Fwp%2Fv2%2Fcomments&post=4573"}],"version-history":[{"count":2,"href":"http:\/\/elveracruzano.vip\/index.php?rest_route=\/wp\/v2\/posts\/4573\/revisions"}],"predecessor-version":[{"id":4576,"href":"http:\/\/elveracruzano.vip\/index.php?rest_route=\/wp\/v2\/posts\/4573\/revisions\/4576"}],"wp:featuredmedia":[{"embeddable":true,"href":"http:\/\/elveracruzano.vip\/index.php?rest_route=\/wp\/v2\/media\/4574"}],"wp:attachment":[{"href":"http:\/\/elveracruzano.vip\/index.php?rest_route=%2Fwp%2Fv2%2Fmedia&parent=4573"}],"wp:term":[{"taxonomy":"category","embeddable":true,"href":"http:\/\/elveracruzano.vip\/index.php?rest_route=%2Fwp%2Fv2%2Fcategories&post=4573"},{"taxonomy":"post_tag","embeddable":true,"href":"http:\/\/elveracruzano.vip\/index.php?rest_route=%2Fwp%2Fv2%2Ftags&post=4573"}],"curies":[{"name":"wp","href":"https:\/\/api.w.org\/{rel}","templated":true}]}}