{"id":4460,"date":"2023-01-17T17:23:21","date_gmt":"2023-01-17T23:23:21","guid":{"rendered":"http:\/\/elveracruzano.vip\/?p=4460"},"modified":"2023-01-17T17:23:22","modified_gmt":"2023-01-17T23:23:22","slug":"alcalde-raymundo-rivera-atendio-denuncia-ciudadana-a-traves-del-dif-coatepec-raymundoandradr-gobcoatepec","status":"publish","type":"post","link":"http:\/\/elveracruzano.vip\/?p=4460","title":{"rendered":"Alcalde Raymundo Rivera atendi\u00f3 denuncia ciudadana a trav\u00e9s del DIF Coatepec \/ @RaymundoAndradR @GobCoatepec >>>"},"content":{"rendered":"\n<p><strong>#Coatepec, #Ver.- <\/strong>Por instrucci\u00f3n del alcalde Raymundo Andrade Rivera, el H. Ayuntamiento de Coatepec, a trav\u00e9s del DIF Coatepec, Polic\u00eda Municipal de Coatepec y Protecci\u00f3n Civil Coatepec, atendieron denuncia ciudadana de una persona de la tercera edad que se encontraba en situaci\u00f3n de calle, se realiz\u00f3 el traslado a un lugar seguro en donde ser\u00e1 atendido, el municipio agradeci\u00f3 a la estancia Mi Vida en Plenitud, por el trabajo coordinado con el DIF Municipal.<\/p>\n\n\n\n<figure class=\"wp-block-image aligncenter size-medium is-resized\"><img loading=\"lazy\" decoding=\"async\" src=\"http:\/\/elveracruzano.vip\/wp-content\/uploads\/2023\/01\/coate-tex-2-300x184.png\" alt=\"\" class=\"wp-image-4461\" width=\"459\" height=\"282\" srcset=\"http:\/\/elveracruzano.vip\/wp-content\/uploads\/2023\/01\/coate-tex-2-300x184.png 300w, http:\/\/elveracruzano.vip\/wp-content\/uploads\/2023\/01\/coate-tex-2-600x367.png 600w, http:\/\/elveracruzano.vip\/wp-content\/uploads\/2023\/01\/coate-tex-2.png 698w\" sizes=\"auto, (max-width: 459px) 100vw, 459px\" \/><\/figure>\n\n\n\n<p><strong>#ElVeracruzanoVIP &#8211; <\/strong><a href=\"https:\/\/www.facebook.com\/ElVeracruzanoVIP\/\">El Veracruzano VIP<\/a><\/p>\n","protected":false},"excerpt":{"rendered":"<p>#Coatepec, #Ver.- Por instrucci\u00f3n del alcalde Raymundo Andrade Rivera, el H. Ayuntamiento de Coatepec, a trav\u00e9s del DIF Coatepec, Polic\u00eda<\/p>\n","protected":false},"author":4,"featured_media":4462,"comment_status":"open","ping_status":"open","sticky":false,"template":"","format":"standard","meta":{"colormag_page_container_layout":"default_layout","colormag_page_sidebar_layout":"default_layout","rop_custom_images_group":[],"rop_custom_messages_group":[],"rop_publish_now":"initial","rop_publish_now_accounts":{"facebook_109133384920963_108472061465099":""},"rop_publish_now_history":[],"rop_publish_now_status":"pending","footnotes":""},"categories":[10],"tags":[40,17,26,20,73,19,97,91,84,98,99,21,23,22],"class_list":["post-4460","post","type-post","status-publish","format-standard","has-post-thumbnail","hentry","category-municipios","tag-coatepec","tag-cuitlahuac-garcia-jimenez","tag-el-veracruzano-vip","tag-enterate","tag-raymundo-andrade-rivera","tag-redes-sociales","tag-secretaria-de-educacion-publica","tag-secretaria-de-educacion-veracruz","tag-secretaria-de-proteccion-civil-del-estado-de-veracruz","tag-secretaria-del-medio-ambiente","tag-secretaria-del-trabajo-y-prevision-social","tag-ultima-hora","tag-ultimas-noticias","tag-ultimo-minuto"],"_links":{"self":[{"href":"http:\/\/elveracruzano.vip\/index.php?rest_route=\/wp\/v2\/posts\/4460","targetHints":{"allow":["GET"]}}],"collection":[{"href":"http:\/\/elveracruzano.vip\/index.php?rest_route=\/wp\/v2\/posts"}],"about":[{"href":"http:\/\/elveracruzano.vip\/index.php?rest_route=\/wp\/v2\/types\/post"}],"author":[{"embeddable":true,"href":"http:\/\/elveracruzano.vip\/index.php?rest_route=\/wp\/v2\/users\/4"}],"replies":[{"embeddable":true,"href":"http:\/\/elveracruzano.vip\/index.php?rest_route=%2Fwp%2Fv2%2Fcomments&post=4460"}],"version-history":[{"count":3,"href":"http:\/\/elveracruzano.vip\/index.php?rest_route=\/wp\/v2\/posts\/4460\/revisions"}],"predecessor-version":[{"id":4465,"href":"http:\/\/elveracruzano.vip\/index.php?rest_route=\/wp\/v2\/posts\/4460\/revisions\/4465"}],"wp:featuredmedia":[{"embeddable":true,"href":"http:\/\/elveracruzano.vip\/index.php?rest_route=\/wp\/v2\/media\/4462"}],"wp:attachment":[{"href":"http:\/\/elveracruzano.vip\/index.php?rest_route=%2Fwp%2Fv2%2Fmedia&parent=4460"}],"wp:term":[{"taxonomy":"category","embeddable":true,"href":"http:\/\/elveracruzano.vip\/index.php?rest_route=%2Fwp%2Fv2%2Fcategories&post=4460"},{"taxonomy":"post_tag","embeddable":true,"href":"http:\/\/elveracruzano.vip\/index.php?rest_route=%2Fwp%2Fv2%2Ftags&post=4460"}],"curies":[{"name":"wp","href":"https:\/\/api.w.org\/{rel}","templated":true}]}}