{"id":4266,"date":"2022-12-29T17:42:34","date_gmt":"2022-12-29T23:42:34","guid":{"rendered":"http:\/\/elveracruzano.vip\/?p=4266"},"modified":"2022-12-29T17:42:36","modified_gmt":"2022-12-29T23:42:36","slug":"mas-de-5-mil-personas-disfrutaron-de-la-reapertura-de-la-gran-villa-coatza-2022-en-coatzacoalcos-cruzmalpica-coatzagob","status":"publish","type":"post","link":"http:\/\/elveracruzano.vip\/?p=4266","title":{"rendered":"M\u00e1s de 5 mil personas disfrutaron de la reapertura de \u201cLa Gran Villa Coatza 2022\u201d en Coatzacoalcos \/ @CruzMalpica @coatzagob>>>"},"content":{"rendered":"\n<p><strong>#Coatzacoalcos, #Ver.- <\/strong>M\u00e1s de 5 mil ciudadanos acudieron este mi\u00e9rcoles a la reapertura de \u201cLa Gran Villa Coatza 2022\u201d instalada en el Parque Central Miguel Hidalgo con la finalidad de que familias porte\u00f1as y de la regi\u00f3n disfruten y conserven un bonito recuerdo de la ciudad en esta temporada decembrina.<\/p>\n\n\n\n<p>El pino monumental, los sets navide\u00f1os, los juegos mec\u00e1nicos, la nevada artificial y las luces iluminaron nuevamente la m\u00e1gica villa, permitiendo a los visitantes tomarse fotograf\u00edas y posteriormente degustar de los antojitos que se ofrecen dentro y fuera del parque.<\/p>\n\n\n\n<p>El Ayuntamiento de Coatzacoalcos te invita a asistir este jueves 29 de diciembre para que disfrutes en punto de las 19:00 horas la \u201cNoche de Salsa\u201d con la participaci\u00f3n de: \u201cNidia Y\u00e9pez, Dance Studio\u201d; \u201cHabana 8, Casino &amp; Show\u201d; \u201cBamboleo, Arte, Educaci\u00f3n y Fitness\u201d; y \u201cN\u2019Talla\u201d.<\/p>\n\n\n\n<p>Se informa a la poblaci\u00f3n que \u201cLa Gran Villa Coatza\u201d tambi\u00e9n estar\u00e1 abierta el viernes 30 de diciembre, y por motivo de las fiestas de fin de a\u00f1o, permanecer\u00e1 cerrada el s\u00e1bado 31 de diciembre y el domingo 1 de enero, para volver a abrir sus puertas del lunes 2 al domingo 8 de enero de 2023.<\/p>\n\n\n\n<p><strong>#ElVeracruzanoVIP &#8211; <\/strong><a href=\"https:\/\/www.facebook.com\/ElVeracruzanoVIP\/\">El Veracruzano VIP<\/a><\/p>\n","protected":false},"excerpt":{"rendered":"<p>#Coatzacoalcos, #Ver.- M\u00e1s de 5 mil ciudadanos acudieron este mi\u00e9rcoles a la reapertura de \u201cLa Gran Villa Coatza 2022\u201d instalada<\/p>\n","protected":false},"author":4,"featured_media":4267,"comment_status":"open","ping_status":"open","sticky":false,"template":"","format":"standard","meta":{"colormag_page_container_layout":"default_layout","colormag_page_sidebar_layout":"default_layout","rop_custom_images_group":[],"rop_custom_messages_group":[],"rop_publish_now":"initial","rop_publish_now_accounts":{"facebook_109133384920963_108472061465099":""},"rop_publish_now_history":[],"rop_publish_now_status":"pending","footnotes":""},"categories":[10],"tags":[78,37,17,26,20,18,19,100,97,91,84,98,99,21,23,22],"class_list":["post-4266","post","type-post","status-publish","format-standard","has-post-thumbnail","hentry","category-municipios","tag-amado-cruz-malpica","tag-coatzacoalcos","tag-cuitlahuac-garcia-jimenez","tag-el-veracruzano-vip","tag-enterate","tag-gobierno-del-estado-de-veracruz","tag-redes-sociales","tag-secretaria-de-economia","tag-secretaria-de-educacion-publica","tag-secretaria-de-educacion-veracruz","tag-secretaria-de-proteccion-civil-del-estado-de-veracruz","tag-secretaria-del-medio-ambiente","tag-secretaria-del-trabajo-y-prevision-social","tag-ultima-hora","tag-ultimas-noticias","tag-ultimo-minuto"],"_links":{"self":[{"href":"http:\/\/elveracruzano.vip\/index.php?rest_route=\/wp\/v2\/posts\/4266","targetHints":{"allow":["GET"]}}],"collection":[{"href":"http:\/\/elveracruzano.vip\/index.php?rest_route=\/wp\/v2\/posts"}],"about":[{"href":"http:\/\/elveracruzano.vip\/index.php?rest_route=\/wp\/v2\/types\/post"}],"author":[{"embeddable":true,"href":"http:\/\/elveracruzano.vip\/index.php?rest_route=\/wp\/v2\/users\/4"}],"replies":[{"embeddable":true,"href":"http:\/\/elveracruzano.vip\/index.php?rest_route=%2Fwp%2Fv2%2Fcomments&post=4266"}],"version-history":[{"count":2,"href":"http:\/\/elveracruzano.vip\/index.php?rest_route=\/wp\/v2\/posts\/4266\/revisions"}],"predecessor-version":[{"id":4270,"href":"http:\/\/elveracruzano.vip\/index.php?rest_route=\/wp\/v2\/posts\/4266\/revisions\/4270"}],"wp:featuredmedia":[{"embeddable":true,"href":"http:\/\/elveracruzano.vip\/index.php?rest_route=\/wp\/v2\/media\/4267"}],"wp:attachment":[{"href":"http:\/\/elveracruzano.vip\/index.php?rest_route=%2Fwp%2Fv2%2Fmedia&parent=4266"}],"wp:term":[{"taxonomy":"category","embeddable":true,"href":"http:\/\/elveracruzano.vip\/index.php?rest_route=%2Fwp%2Fv2%2Fcategories&post=4266"},{"taxonomy":"post_tag","embeddable":true,"href":"http:\/\/elveracruzano.vip\/index.php?rest_route=%2Fwp%2Fv2%2Ftags&post=4266"}],"curies":[{"name":"wp","href":"https:\/\/api.w.org\/{rel}","templated":true}]}}