{"id":4132,"date":"2022-12-20T17:36:10","date_gmt":"2022-12-20T23:36:10","guid":{"rendered":"http:\/\/elveracruzano.vip\/?p=4132"},"modified":"2022-12-20T17:44:27","modified_gmt":"2022-12-20T23:44:27","slug":"mundialito-penitenciario-fomento-el-deporte-y-la-salud-en-17-centros-del-estado-de-veracruz-cuitlahuacgj-gobiernover","status":"publish","type":"post","link":"http:\/\/elveracruzano.vip\/?p=4132","title":{"rendered":"Mundialito Penitenciario foment\u00f3 el deporte y la salud en 17 centros del Estado de Veracruz \/ @CuitlahuacGJ @GobiernoVer >>>"},"content":{"rendered":"\n<p><strong>#GobiernoDeVeracruz.- <\/strong>En cumplimiento con uno de los cinco ejes rectores, para consolidar reinserci\u00f3n social de las personas privadas de la libertad, la Secretar\u00eda de Seguridad P\u00fablica realiz\u00f3 el torneo\u00a0Mundialito Penitenciario\u00a0en los 17 centros y en el M\u00f3dulo Preventivo de 72 Horas.<\/p>\n\n\n\n<p>Del 24 de noviembre al 18 de diciembre, 70 mujeres y 959 hombres fueron beneficiados a trav\u00e9s del impulso al deporte, la salud y una sana competencia y compa\u00f1erismo, acciones que influyen favorablemente en su integraci\u00f3n. Cumpliendo con la Ley Nacional de Ejecuci\u00f3n Penal que se\u00f1ala las bases de la organizaci\u00f3n del Sistema Penitenciario.<\/p>\n\n\n\n<p>Los centros participantes fueron Amatl\u00e1n de los Reyes, con 8 equipos; Tuxpan, 7; Cosamaloapan, 10; San Andr\u00e9s, 8; Tantoyuca y Misantla 6 en cada uno y Huayacocotla 10 equipos; en Ozuluama, 8; Zongolica, 6; Coatzacoalcos, 9; Pacho Viejo,8; Jalacingo, 8; Poza Rica, 6; Panuco, 8 y en Chicontepec,7.<\/p>\n\n\n\n<p>En la modalidad femenil compitieron 4 equipos de Pacho Viejo; 2 en Tuxpan y el de San Andr\u00e9s Tuxtla se enfrent\u00f3 a un equipo exterior, mientras que en el M\u00f3dulo de 72 Horas jugaron 32 personas privadas de la libertad de forma individual.&nbsp;<\/p>\n\n\n\n<p>Los equipos ganadores de los primeros lugares, en las ramas varonil y femenil, recibieron un trofeo, y el resto de los equipos, reconocimientos por su participaci\u00f3n en la justa deportiva.<\/p>\n\n\n\n<p><strong>#ElVeracruzanoVIP &#8211; <\/strong><a href=\"https:\/\/www.facebook.com\/ElVeracruzanoVIP\/\">El Veracruzano VIP<\/a><\/p>\n","protected":false},"excerpt":{"rendered":"<p>#GobiernoDeVeracruz.- En cumplimiento con uno de los cinco ejes rectores, para consolidar reinserci\u00f3n social de las personas privadas de la<\/p>\n","protected":false},"author":4,"featured_media":4133,"comment_status":"open","ping_status":"open","sticky":false,"template":"","format":"standard","meta":{"colormag_page_container_layout":"default_layout","colormag_page_sidebar_layout":"default_layout","rop_custom_images_group":[],"rop_custom_messages_group":[],"rop_publish_now":"initial","rop_publish_now_accounts":{"facebook_109133384920963_108472061465099":""},"rop_publish_now_history":[],"rop_publish_now_status":"pending","footnotes":""},"categories":[14],"tags":[17,26,20,18,19,100,97,91,84,98,99,21,23,22],"class_list":["post-4132","post","type-post","status-publish","format-standard","has-post-thumbnail","hentry","category-secretarias","tag-cuitlahuac-garcia-jimenez","tag-el-veracruzano-vip","tag-enterate","tag-gobierno-del-estado-de-veracruz","tag-redes-sociales","tag-secretaria-de-economia","tag-secretaria-de-educacion-publica","tag-secretaria-de-educacion-veracruz","tag-secretaria-de-proteccion-civil-del-estado-de-veracruz","tag-secretaria-del-medio-ambiente","tag-secretaria-del-trabajo-y-prevision-social","tag-ultima-hora","tag-ultimas-noticias","tag-ultimo-minuto"],"_links":{"self":[{"href":"http:\/\/elveracruzano.vip\/index.php?rest_route=\/wp\/v2\/posts\/4132","targetHints":{"allow":["GET"]}}],"collection":[{"href":"http:\/\/elveracruzano.vip\/index.php?rest_route=\/wp\/v2\/posts"}],"about":[{"href":"http:\/\/elveracruzano.vip\/index.php?rest_route=\/wp\/v2\/types\/post"}],"author":[{"embeddable":true,"href":"http:\/\/elveracruzano.vip\/index.php?rest_route=\/wp\/v2\/users\/4"}],"replies":[{"embeddable":true,"href":"http:\/\/elveracruzano.vip\/index.php?rest_route=%2Fwp%2Fv2%2Fcomments&post=4132"}],"version-history":[{"count":3,"href":"http:\/\/elveracruzano.vip\/index.php?rest_route=\/wp\/v2\/posts\/4132\/revisions"}],"predecessor-version":[{"id":4142,"href":"http:\/\/elveracruzano.vip\/index.php?rest_route=\/wp\/v2\/posts\/4132\/revisions\/4142"}],"wp:featuredmedia":[{"embeddable":true,"href":"http:\/\/elveracruzano.vip\/index.php?rest_route=\/wp\/v2\/media\/4133"}],"wp:attachment":[{"href":"http:\/\/elveracruzano.vip\/index.php?rest_route=%2Fwp%2Fv2%2Fmedia&parent=4132"}],"wp:term":[{"taxonomy":"category","embeddable":true,"href":"http:\/\/elveracruzano.vip\/index.php?rest_route=%2Fwp%2Fv2%2Fcategories&post=4132"},{"taxonomy":"post_tag","embeddable":true,"href":"http:\/\/elveracruzano.vip\/index.php?rest_route=%2Fwp%2Fv2%2Ftags&post=4132"}],"curies":[{"name":"wp","href":"https:\/\/api.w.org\/{rel}","templated":true}]}}