{"id":3931,"date":"2022-12-01T08:41:23","date_gmt":"2022-12-01T14:41:23","guid":{"rendered":"http:\/\/elveracruzano.vip\/?p=3931"},"modified":"2022-12-01T18:19:49","modified_gmt":"2022-12-02T00:19:49","slug":"sector-primario-de-veracruz-hace-frente-a-la-crisis-economica-con-potencial-productivo-cuitlahuacgj-gobiernover","status":"publish","type":"post","link":"http:\/\/elveracruzano.vip\/?p=3931","title":{"rendered":"Sector primario de Veracruz hace frente a la crisis econ\u00f3mica con potencial productivo \/ @CuitlahuacGJ @GobiernoVer  >>>"},"content":{"rendered":"\n<p><strong>#Veracruz.- <\/strong>La solidez del sector primario de Veracruz se refleja en los 30.1 millones de toneladas de alimentos agropecuarios y pesqueros que lo ubican en tercer lugar nacional por valor de la producci\u00f3n, segundo en alimentos y primero en carne bovina y pollo, as\u00ed como de ca\u00f1a, az\u00facar, pi\u00f1a, c\u00edtricos, caf\u00e9 cereza, pl\u00e1tano, chayote, papaya y arroz palay, aportando el 6% al Producto Interno Bruto estatal.<\/p>\n\n\n\n<p>As\u00ed lo dijo el titular de la Secretar\u00eda de Desarrollo Agropecuario, Rural y Pesca (SEDARPA), Evaristo Ovando Ram\u00edrez, al precisar que fueron aplicados 194 millones de pesos al desarrollo rural, 137 a ganader\u00eda y pesca y 125 a agricultura, pues para garantizar el derecho a la alimentaci\u00f3n no es suficiente aumentar la disponibilidad sino designar m\u00e1s recursos, por ello el presupuesto ampliado de 644 mdp, 155.5% m\u00e1s respecto a lo inicialmente aprobado.<\/p>\n\n\n\n<p>En el Pleno de la LXVI Legislatura expuso que ejercieron 61 mdp en mil 366 Escuelas Campesinas y la contrataci\u00f3n de 500 promotores del desarrollo que brindaron capacitaci\u00f3n y asesor\u00eda en cultivo de hortalizas, ma\u00edz, caf\u00e9, lim\u00f3n, frijol y naranja en 208 municipios, a favor de 28 mil 963 participantes; adem\u00e1s de elaborar 240 mil litros de bioinsumos l\u00edquidos y 409 toneladas de s\u00f3lidos, mientras que el programa&nbsp;<em>Todos a sembrar<\/em>&nbsp;lleg\u00f3 a 70 localidades con 5 mil 600 m\u00b2 de huertos.<\/p>\n\n\n\n<p>Ante la Comisi\u00f3n de Desarrollo Agropecuario, Rural y Forestal, pormenoriz\u00f3 que el Seguro Agr\u00edcola Catastr\u00f3fico, ciclo 2021-2022, indemniz\u00f3 a 15 mil 904 personas por la afectaci\u00f3n de 16 mil 766 hect\u00e1reas de ma\u00edz, c\u00edtricos y pl\u00e1tano en Castillo de Teayo, Cazones, Coatzintla, Coyutla, Espinal, Filomeno Mata, Guti\u00e9rrez Zamora, Ixhuatl\u00e1n de Madero, Mecatl\u00e1n, Papantla, San Rafael, Tecolutla, Tihuatl\u00e1n y Tuxpan, mediante un monto de 34 mdp.<\/p>\n\n\n\n<p><strong>#ElVeracruzanoVIP &#8211; <\/strong><a href=\"https:\/\/www.facebook.com\/ElVeracruzanoVIP\/\">El Veracruzano VIP<\/a><\/p>\n","protected":false},"excerpt":{"rendered":"<p>#Veracruz.- La solidez del sector primario de Veracruz se refleja en los 30.1 millones de toneladas de alimentos agropecuarios y<\/p>\n","protected":false},"author":4,"featured_media":3932,"comment_status":"open","ping_status":"open","sticky":false,"template":"","format":"standard","meta":{"colormag_page_container_layout":"default_layout","colormag_page_sidebar_layout":"default_layout","rop_custom_images_group":[],"rop_custom_messages_group":[],"rop_publish_now":"initial","rop_publish_now_accounts":{"facebook_109133384920963_108472061465099":""},"rop_publish_now_history":[],"rop_publish_now_status":"pending","footnotes":""},"categories":[16],"tags":[17,26,20,18,19,100,97,91,84,98,99,21,23,22],"class_list":["post-3931","post","type-post","status-publish","format-standard","has-post-thumbnail","hentry","category-ultima-hora","tag-cuitlahuac-garcia-jimenez","tag-el-veracruzano-vip","tag-enterate","tag-gobierno-del-estado-de-veracruz","tag-redes-sociales","tag-secretaria-de-economia","tag-secretaria-de-educacion-publica","tag-secretaria-de-educacion-veracruz","tag-secretaria-de-proteccion-civil-del-estado-de-veracruz","tag-secretaria-del-medio-ambiente","tag-secretaria-del-trabajo-y-prevision-social","tag-ultima-hora","tag-ultimas-noticias","tag-ultimo-minuto"],"_links":{"self":[{"href":"http:\/\/elveracruzano.vip\/index.php?rest_route=\/wp\/v2\/posts\/3931","targetHints":{"allow":["GET"]}}],"collection":[{"href":"http:\/\/elveracruzano.vip\/index.php?rest_route=\/wp\/v2\/posts"}],"about":[{"href":"http:\/\/elveracruzano.vip\/index.php?rest_route=\/wp\/v2\/types\/post"}],"author":[{"embeddable":true,"href":"http:\/\/elveracruzano.vip\/index.php?rest_route=\/wp\/v2\/users\/4"}],"replies":[{"embeddable":true,"href":"http:\/\/elveracruzano.vip\/index.php?rest_route=%2Fwp%2Fv2%2Fcomments&post=3931"}],"version-history":[{"count":4,"href":"http:\/\/elveracruzano.vip\/index.php?rest_route=\/wp\/v2\/posts\/3931\/revisions"}],"predecessor-version":[{"id":3964,"href":"http:\/\/elveracruzano.vip\/index.php?rest_route=\/wp\/v2\/posts\/3931\/revisions\/3964"}],"wp:featuredmedia":[{"embeddable":true,"href":"http:\/\/elveracruzano.vip\/index.php?rest_route=\/wp\/v2\/media\/3932"}],"wp:attachment":[{"href":"http:\/\/elveracruzano.vip\/index.php?rest_route=%2Fwp%2Fv2%2Fmedia&parent=3931"}],"wp:term":[{"taxonomy":"category","embeddable":true,"href":"http:\/\/elveracruzano.vip\/index.php?rest_route=%2Fwp%2Fv2%2Fcategories&post=3931"},{"taxonomy":"post_tag","embeddable":true,"href":"http:\/\/elveracruzano.vip\/index.php?rest_route=%2Fwp%2Fv2%2Ftags&post=3931"}],"curies":[{"name":"wp","href":"https:\/\/api.w.org\/{rel}","templated":true}]}}