{"id":3719,"date":"2022-11-08T12:12:21","date_gmt":"2022-11-08T18:12:21","guid":{"rendered":"http:\/\/elveracruzano.vip\/?p=3719"},"modified":"2022-11-08T12:12:22","modified_gmt":"2022-11-08T18:12:22","slug":"cecol-veracruz-arriba-de-la-media-nacional-en-implementar-la-reforma-laboral-cuitlahuacgj-gobiernover","status":"publish","type":"post","link":"http:\/\/elveracruzano.vip\/?p=3719","title":{"rendered":"CECOL Veracruz, arriba de la media nacional en implementar la Reforma Laboral \/ @CuitlahuacGJ @GobiernoVer >>>"},"content":{"rendered":"\n<p><strong>#Xalapa, #Ver<\/strong>.- A un a\u00f1o de existencia, el Centro de Conciliaci\u00f3n Laboral Veracruz (CECOL) mantiene una eficiencia por encima de la media nacional con la resoluci\u00f3n de 8 de cada 10 conflictos de trabajo y cero huelgas, contribuyendo a una cultura de paz al servicio de los sectores obrero, sindical y empresarial.<\/p>\n\n\n\n<p>En la inauguraci\u00f3n del Primer Congreso Nacional de Conciliaci\u00f3n Laboral, el gobernador Cuitl\u00e1huac Garc\u00eda Jim\u00e9nez destac\u00f3 las 21 mil 631 audiencias, el pago convenido de 413 millones 859 mil 093 pesos, as\u00ed como las 10 mil 853 asesor\u00edas jur\u00eddicas brindadas durante el primer aniversario de la implementaci\u00f3n del nuevo modelo de justicia laboral.<\/p>\n\n\n\n<p>\u201cSe demuestra con hechos la gran labor; que un trabajador en desconocimiento de sus garant\u00edas pueda confiar en la autoridad sin pensar que lo timar\u00e1n, saber exactamente sus derechos y optar por la conciliaci\u00f3n\u201d, dijo al celebrar la paridad de g\u00e9nero en el personal.<\/p>\n\n\n\n<p>Gracias a la colaboraci\u00f3n con el Gobierno federal y a las finanzas sanas, Veracruz es uno de los estados que m\u00e1s sedes de conciliaci\u00f3n ha establecido, enfatiz\u00f3 la secretaria de Trabajo, Previsi\u00f3n Social y Productividad, Dorheny Garc\u00eda Cayetano, quien se\u00f1al\u00f3 la importancia de la capacitaci\u00f3n de la plantilla del Centro para la aplicaci\u00f3n exitosa de la Reforma Laboral.<\/p>\n\n\n\n<p><strong>#ElVeracruzanoVIP<\/strong> &#8211; <a href=\"https:\/\/www.facebook.com\/ElVeracruzanoVIP\/\"><strong>El Veracruzano VIP<\/strong><\/a><\/p>\n","protected":false},"excerpt":{"rendered":"<p>#Xalapa, #Ver.- A un a\u00f1o de existencia, el Centro de Conciliaci\u00f3n Laboral Veracruz (CECOL) mantiene una eficiencia por encima de<\/p>\n","protected":false},"author":4,"featured_media":3720,"comment_status":"open","ping_status":"open","sticky":false,"template":"","format":"standard","meta":{"colormag_page_container_layout":"default_layout","colormag_page_sidebar_layout":"default_layout","rop_custom_images_group":[],"rop_custom_messages_group":[],"rop_publish_now":"initial","rop_publish_now_accounts":{"facebook_109133384920963_108472061465099":""},"rop_publish_now_history":[],"rop_publish_now_status":"pending","footnotes":""},"categories":[13],"tags":[17,26,20,18,19,100,97,91,84,98,99,21,23,22],"class_list":["post-3719","post","type-post","status-publish","format-standard","has-post-thumbnail","hentry","category-principales","tag-cuitlahuac-garcia-jimenez","tag-el-veracruzano-vip","tag-enterate","tag-gobierno-del-estado-de-veracruz","tag-redes-sociales","tag-secretaria-de-economia","tag-secretaria-de-educacion-publica","tag-secretaria-de-educacion-veracruz","tag-secretaria-de-proteccion-civil-del-estado-de-veracruz","tag-secretaria-del-medio-ambiente","tag-secretaria-del-trabajo-y-prevision-social","tag-ultima-hora","tag-ultimas-noticias","tag-ultimo-minuto"],"_links":{"self":[{"href":"http:\/\/elveracruzano.vip\/index.php?rest_route=\/wp\/v2\/posts\/3719","targetHints":{"allow":["GET"]}}],"collection":[{"href":"http:\/\/elveracruzano.vip\/index.php?rest_route=\/wp\/v2\/posts"}],"about":[{"href":"http:\/\/elveracruzano.vip\/index.php?rest_route=\/wp\/v2\/types\/post"}],"author":[{"embeddable":true,"href":"http:\/\/elveracruzano.vip\/index.php?rest_route=\/wp\/v2\/users\/4"}],"replies":[{"embeddable":true,"href":"http:\/\/elveracruzano.vip\/index.php?rest_route=%2Fwp%2Fv2%2Fcomments&post=3719"}],"version-history":[{"count":1,"href":"http:\/\/elveracruzano.vip\/index.php?rest_route=\/wp\/v2\/posts\/3719\/revisions"}],"predecessor-version":[{"id":3721,"href":"http:\/\/elveracruzano.vip\/index.php?rest_route=\/wp\/v2\/posts\/3719\/revisions\/3721"}],"wp:featuredmedia":[{"embeddable":true,"href":"http:\/\/elveracruzano.vip\/index.php?rest_route=\/wp\/v2\/media\/3720"}],"wp:attachment":[{"href":"http:\/\/elveracruzano.vip\/index.php?rest_route=%2Fwp%2Fv2%2Fmedia&parent=3719"}],"wp:term":[{"taxonomy":"category","embeddable":true,"href":"http:\/\/elveracruzano.vip\/index.php?rest_route=%2Fwp%2Fv2%2Fcategories&post=3719"},{"taxonomy":"post_tag","embeddable":true,"href":"http:\/\/elveracruzano.vip\/index.php?rest_route=%2Fwp%2Fv2%2Ftags&post=3719"}],"curies":[{"name":"wp","href":"https:\/\/api.w.org\/{rel}","templated":true}]}}