{"id":3680,"date":"2022-10-25T14:30:00","date_gmt":"2022-10-25T19:30:00","guid":{"rendered":"http:\/\/elveracruzano.vip\/?p=3680"},"modified":"2022-10-25T10:36:05","modified_gmt":"2022-10-25T15:36:05","slug":"rehabilita-gobierno-de-veracruz-universidad-tecnologica-de-gutierrez-zamora-cuitlahuacgj-gobiernover","status":"publish","type":"post","link":"http:\/\/elveracruzano.vip\/?p=3680","title":{"rendered":"Rehabilita Gobierno de Veracruz Universidad Tecnol\u00f3gica de Guti\u00e9rrez Zamora \/ @CuitlahuacGJ @GobiernoVer >>>"},"content":{"rendered":"\n<p><strong>#Guti\u00e9rrezZamora, #Ver<\/strong>.- Con una inversi\u00f3n de 16 millones 169 mil 195 pesos en infraestructura y equipamiento, fue rehabilitada la Universidad Tecnol\u00f3gica de Guti\u00e9rrez Zamora (UTGZ) para revertir los da\u00f1os que sufri\u00f3 por el paso del hurac\u00e1n Grace y brindar instalaciones dignas a sus mil 286 estudiantes.<\/p>\n\n\n\n<p>El proyecto consisti\u00f3 en la restauraci\u00f3n de los edificios, entre ellos el de gastronom\u00eda, as\u00ed como el exterior del plantel con la construcci\u00f3n de un muro de contenci\u00f3n junto al inmueble U2C, barda perimetral, acceso vehicular con pavimento hidr\u00e1ulico y la colocaci\u00f3n de l\u00e1mparas en el \u00e1rea administrativa.&nbsp;<\/p>\n\n\n\n<p>Durante la inauguraci\u00f3n, el titular de la Secretar\u00eda de Educaci\u00f3n (SEV), Zenyazen Escobar Garc\u00eda, adelant\u00f3 que invertir\u00e1n 9 millones de pesos m\u00e1s en mejoras a la UTGZ, como parte del trabajo que realizan para subsanar el abandono de los gobiernos anteriores.<\/p>\n\n\n\n<p>Dijo que al inicio de esta tarea encontraron m\u00e1s de mil millones de pesos robados a planteles que fueron dejados en el olvido. Sin embargo, gracias al Instituto de Espacios Educativos (IEE) de la SEV, en cuatro a\u00f1os de gobierno han alcanzado r\u00e9cord en obras, en comparaci\u00f3n con las \u00faltimas dos administraciones.<\/p>\n\n\n\n<p>El corte de list\u00f3n cont\u00f3 con la presencia de la diputada local y vocal de la Comisi\u00f3n de Educaci\u00f3n y Cultura, Adriana Esther Mart\u00ednez S\u00e1nchez; del presidente municipal de Guti\u00e9rrez Zamora, Frans Aparicio Reyes; del director del IEE, Ricardo Garc\u00eda Jim\u00e9nez; de la delegada regional de la SEV, Melisa Hern\u00e1ndez P\u00e9rez; y de la rectora de la UTGZ, Sandra Ang\u00e9lica Hern\u00e1ndez Herrera.<\/p>\n\n\n\n<p><strong>#ElVeracruzanoVIP<\/strong> &#8211; <a href=\"https:\/\/www.facebook.com\/ElVeracruzanoVIP\/\"><strong>El Veracruzano VIP<\/strong><\/a><\/p>\n","protected":false},"excerpt":{"rendered":"<p>#Guti\u00e9rrezZamora, #Ver.- Con una inversi\u00f3n de 16 millones 169 mil 195 pesos en infraestructura y equipamiento, fue rehabilitada la Universidad<\/p>\n","protected":false},"author":4,"featured_media":3681,"comment_status":"open","ping_status":"open","sticky":false,"template":"","format":"standard","meta":{"colormag_page_container_layout":"default_layout","colormag_page_sidebar_layout":"default_layout","rop_custom_images_group":[],"rop_custom_messages_group":[],"rop_publish_now":"initial","rop_publish_now_accounts":{"facebook_109133384920963_108472061465099":""},"rop_publish_now_history":[],"rop_publish_now_status":"pending","footnotes":""},"categories":[16],"tags":[17,26,20,18,19,100,97,91,84,98,99,21,23,22],"class_list":["post-3680","post","type-post","status-publish","format-standard","has-post-thumbnail","hentry","category-ultima-hora","tag-cuitlahuac-garcia-jimenez","tag-el-veracruzano-vip","tag-enterate","tag-gobierno-del-estado-de-veracruz","tag-redes-sociales","tag-secretaria-de-economia","tag-secretaria-de-educacion-publica","tag-secretaria-de-educacion-veracruz","tag-secretaria-de-proteccion-civil-del-estado-de-veracruz","tag-secretaria-del-medio-ambiente","tag-secretaria-del-trabajo-y-prevision-social","tag-ultima-hora","tag-ultimas-noticias","tag-ultimo-minuto"],"_links":{"self":[{"href":"http:\/\/elveracruzano.vip\/index.php?rest_route=\/wp\/v2\/posts\/3680","targetHints":{"allow":["GET"]}}],"collection":[{"href":"http:\/\/elveracruzano.vip\/index.php?rest_route=\/wp\/v2\/posts"}],"about":[{"href":"http:\/\/elveracruzano.vip\/index.php?rest_route=\/wp\/v2\/types\/post"}],"author":[{"embeddable":true,"href":"http:\/\/elveracruzano.vip\/index.php?rest_route=\/wp\/v2\/users\/4"}],"replies":[{"embeddable":true,"href":"http:\/\/elveracruzano.vip\/index.php?rest_route=%2Fwp%2Fv2%2Fcomments&post=3680"}],"version-history":[{"count":1,"href":"http:\/\/elveracruzano.vip\/index.php?rest_route=\/wp\/v2\/posts\/3680\/revisions"}],"predecessor-version":[{"id":3682,"href":"http:\/\/elveracruzano.vip\/index.php?rest_route=\/wp\/v2\/posts\/3680\/revisions\/3682"}],"wp:featuredmedia":[{"embeddable":true,"href":"http:\/\/elveracruzano.vip\/index.php?rest_route=\/wp\/v2\/media\/3681"}],"wp:attachment":[{"href":"http:\/\/elveracruzano.vip\/index.php?rest_route=%2Fwp%2Fv2%2Fmedia&parent=3680"}],"wp:term":[{"taxonomy":"category","embeddable":true,"href":"http:\/\/elveracruzano.vip\/index.php?rest_route=%2Fwp%2Fv2%2Fcategories&post=3680"},{"taxonomy":"post_tag","embeddable":true,"href":"http:\/\/elveracruzano.vip\/index.php?rest_route=%2Fwp%2Fv2%2Ftags&post=3680"}],"curies":[{"name":"wp","href":"https:\/\/api.w.org\/{rel}","templated":true}]}}