{"id":3644,"date":"2022-10-18T20:59:08","date_gmt":"2022-10-19T01:59:08","guid":{"rendered":"http:\/\/elveracruzano.vip\/?p=3644"},"modified":"2022-10-18T20:59:10","modified_gmt":"2022-10-19T01:59:10","slug":"dgapa-repara-12-metros-de-tuberia-de-aguas-negras-en-el-h-ayuntamiento-de-minatitlan-veracruz-dramedelpalma-gobminatitlan","status":"publish","type":"post","link":"http:\/\/elveracruzano.vip\/?p=3644","title":{"rendered":"DGAPA repara 12 metros de tuber\u00eda de aguas negras en el H. Ayuntamiento de Minatitl\u00e1n, Veracruz \/ @DraMedelPalma @gobminatitlan >>>"},"content":{"rendered":"\n<p><strong>#Minatitl\u00e1n, #Ver<\/strong>. \u2014 El Ayuntamiento de Minatitl\u00e1n, que preside Dra. Carmen Medel Palma, a trav\u00e9s de la Direcci\u00f3n General de Agua y Alcantarillado (DGAPA), llev\u00f3 a cabo los trabajos de reparaci\u00f3n de la l\u00ednea de drenaje de ocho pulgadas que atraviesa en la colonia Insurgentes Norte.<\/p>\n\n\n\n<p>A fin de reanudar el servicio de los colonos y cuidar la salud de la poblaci\u00f3n ante la fuga, de manera inmediata iniciaron los trabajos en la calle <a><\/a>Ni\u00f1os H\u00e9roes para la reparaci\u00f3n de 12 metros de tuber\u00eda, misma que provocaba derrame de aguas negras.<\/p>\n\n\n\n<p>\u201cEn atenci\u00f3n a una petici\u00f3n ciudadana por parte de los habitantes de la colonia Insurgentes Norte, acudimos a realizar la inspecci\u00f3n del \u00e1rea, donde se detectaron tres fugas, se cambiar\u00e1 el tubo de asbesto mismo que ya cumpli\u00f3 el tiempo de vida \u00fatil, ahora ser\u00e1 tubo de PVC de mejor calidad\u201d explic\u00f3 Eulalio Gonz\u00e1lez Azamar.<\/p>\n\n\n\n<p>Adem\u00e1s, dijo que hicieron uso del vactor para desazolvar la red, esto por instrucciones de la alcaldesa, quien est\u00e1 proporcionando todas las herramientas para realizar los trabajos en tiempo y forma.<\/p>\n\n\n\n<p>Dentro de las actividades que se efectuaron fue el cambio de v\u00e1lvulas, el cual ya se encontraban en estado inconveniente, de esta forma se reafirma el compromiso del Gobierno Municipal quien intensifica trabajos de rehabilitaci\u00f3n en tuber\u00edas sanitarias, con la finalidad de mantener en \u00f3ptimas condiciones el funcionamiento de la misma.<\/p>\n\n\n\n<p><strong>#ElVeracruzanoVIP<\/strong> &#8211; <a href=\"https:\/\/www.facebook.com\/ElVeracruzanoVIP\/\"><strong>El Veracruzano VIP<\/strong><\/a><\/p>\n","protected":false},"excerpt":{"rendered":"<p>#Minatitl\u00e1n, #Ver. \u2014 El Ayuntamiento de Minatitl\u00e1n, que preside Dra. Carmen Medel Palma, a trav\u00e9s de la Direcci\u00f3n General de<\/p>\n","protected":false},"author":4,"featured_media":3645,"comment_status":"open","ping_status":"open","sticky":false,"template":"","format":"standard","meta":{"colormag_page_container_layout":"default_layout","colormag_page_sidebar_layout":"default_layout","rop_custom_images_group":[],"rop_custom_messages_group":[],"rop_publish_now":"initial","rop_publish_now_accounts":{"facebook_109133384920963_108472061465099":""},"rop_publish_now_history":[],"rop_publish_now_status":"pending","footnotes":""},"categories":[8],"tags":[80,17,26,20,18,39,19,100,97,91,84,98,99,21,23,22],"class_list":["post-3644","post","type-post","status-publish","format-standard","has-post-thumbnail","hentry","category-alcaldesas","tag-carmen-medel-palma","tag-cuitlahuac-garcia-jimenez","tag-el-veracruzano-vip","tag-enterate","tag-gobierno-del-estado-de-veracruz","tag-minatitlan","tag-redes-sociales","tag-secretaria-de-economia","tag-secretaria-de-educacion-publica","tag-secretaria-de-educacion-veracruz","tag-secretaria-de-proteccion-civil-del-estado-de-veracruz","tag-secretaria-del-medio-ambiente","tag-secretaria-del-trabajo-y-prevision-social","tag-ultima-hora","tag-ultimas-noticias","tag-ultimo-minuto"],"_links":{"self":[{"href":"http:\/\/elveracruzano.vip\/index.php?rest_route=\/wp\/v2\/posts\/3644","targetHints":{"allow":["GET"]}}],"collection":[{"href":"http:\/\/elveracruzano.vip\/index.php?rest_route=\/wp\/v2\/posts"}],"about":[{"href":"http:\/\/elveracruzano.vip\/index.php?rest_route=\/wp\/v2\/types\/post"}],"author":[{"embeddable":true,"href":"http:\/\/elveracruzano.vip\/index.php?rest_route=\/wp\/v2\/users\/4"}],"replies":[{"embeddable":true,"href":"http:\/\/elveracruzano.vip\/index.php?rest_route=%2Fwp%2Fv2%2Fcomments&post=3644"}],"version-history":[{"count":1,"href":"http:\/\/elveracruzano.vip\/index.php?rest_route=\/wp\/v2\/posts\/3644\/revisions"}],"predecessor-version":[{"id":3646,"href":"http:\/\/elveracruzano.vip\/index.php?rest_route=\/wp\/v2\/posts\/3644\/revisions\/3646"}],"wp:featuredmedia":[{"embeddable":true,"href":"http:\/\/elveracruzano.vip\/index.php?rest_route=\/wp\/v2\/media\/3645"}],"wp:attachment":[{"href":"http:\/\/elveracruzano.vip\/index.php?rest_route=%2Fwp%2Fv2%2Fmedia&parent=3644"}],"wp:term":[{"taxonomy":"category","embeddable":true,"href":"http:\/\/elveracruzano.vip\/index.php?rest_route=%2Fwp%2Fv2%2Fcategories&post=3644"},{"taxonomy":"post_tag","embeddable":true,"href":"http:\/\/elveracruzano.vip\/index.php?rest_route=%2Fwp%2Fv2%2Ftags&post=3644"}],"curies":[{"name":"wp","href":"https:\/\/api.w.org\/{rel}","templated":true}]}}