{"id":3527,"date":"2022-09-22T11:37:09","date_gmt":"2022-09-22T16:37:09","guid":{"rendered":"http:\/\/elveracruzano.vip\/?p=3527"},"modified":"2022-09-22T11:37:10","modified_gmt":"2022-09-22T16:37:10","slug":"responde-ayuntamiento-de-minatitlan-con-entregas-de-despensas-a-familias-afectadas-por-las-lluvias-dramedelpalma-gobminatitlan","status":"publish","type":"post","link":"http:\/\/elveracruzano.vip\/?p=3527","title":{"rendered":"Responde Ayuntamiento de Minatitl\u00e1n con entregas de despensas a familias afectadas por las lluvias \/ @DraMedelPalma @gobminatitlan >>>"},"content":{"rendered":"\n<p><strong>#Minatitl\u00e1n, #Ver<\/strong>. \u2013 El Gobierno Municipal, el cual preside la doctora Carmen Medel Palma; ha instruido a todas las \u00e1reas que integran el Ayuntamiento a proteger la integridad de la poblaci\u00f3n de la zona rural que ha sido afectada durante la temporada de lluvias.<\/p>\n\n\n\n<p>Fue en las comunidades de La Zamorana, Las Limas y La Victoria, donde la direcci\u00f3n de Seguridad P\u00fablica Municipal a cargo de Jos\u00e9 Alberto Ortiz Zambrano y Luis Octavio Villanueva V\u00e1squez, titular de la direcci\u00f3n de Participaci\u00f3n Ciudadana, realizaron la entrega de m\u00e1s de 450 despensas a diferentes familias que est\u00e1n sufriendo afectaciones por las precipitaciones que se han presentado en la regi\u00f3n.<\/p>\n\n\n\n<p>Ante esto, Medel Palma, dijo que es un trabajo coordinado donde ha tenido todo el respaldo del gobernador del Estado, Cuitl\u00e1huac Garc\u00eda Jim\u00e9nez, a trav\u00e9s de Rebeca Quintar Barcel\u00f3, directora General del Sistema DIF (SDIF) y la directora de Atenci\u00f3n a Poblaci\u00f3n Vulnerable del SDIF, Nytzia Araceli Guerrero.<\/p>\n\n\n\n<p>\u201cContamos con un padr\u00f3n de personas vulnerables a las cuales se les ha dado prioridad en las entregas, agradezco la participaci\u00f3n de todas las direcciones que han trabajado para apoyar a las familias, as\u00ed tambi\u00e9n al Gobierno del Estado y a Guadalupe Osorno Maldonado, secretaria de Protecci\u00f3n Civil Estatal con quienes hemos tenido buena comunicaci\u00f3n y nos han dado respuesta inmediata ante estos casos\u201d expres\u00f3.<\/p>\n\n\n\n<p><strong>#ElVeracruzanoVIP<\/strong> &#8211; <a href=\"https:\/\/www.facebook.com\/ElVeracruzanoVIP\/\"><strong>El Veracruzano VIP<\/strong><\/a><\/p>\n","protected":false},"excerpt":{"rendered":"<p>#Minatitl\u00e1n, #Ver. \u2013 El Gobierno Municipal, el cual preside la doctora Carmen Medel Palma; ha instruido a todas las \u00e1reas<\/p>\n","protected":false},"author":4,"featured_media":3528,"comment_status":"open","ping_status":"open","sticky":false,"template":"","format":"standard","meta":{"colormag_page_container_layout":"default_layout","colormag_page_sidebar_layout":"default_layout","rop_custom_images_group":[],"rop_custom_messages_group":[],"rop_publish_now":"initial","rop_publish_now_accounts":{"facebook_109133384920963_108472061465099":""},"rop_publish_now_history":[],"rop_publish_now_status":"pending","footnotes":""},"categories":[8],"tags":[80,17,26,20,18,39,19,100,97,91,84,98,99,21,23,22],"class_list":["post-3527","post","type-post","status-publish","format-standard","has-post-thumbnail","hentry","category-alcaldesas","tag-carmen-medel-palma","tag-cuitlahuac-garcia-jimenez","tag-el-veracruzano-vip","tag-enterate","tag-gobierno-del-estado-de-veracruz","tag-minatitlan","tag-redes-sociales","tag-secretaria-de-economia","tag-secretaria-de-educacion-publica","tag-secretaria-de-educacion-veracruz","tag-secretaria-de-proteccion-civil-del-estado-de-veracruz","tag-secretaria-del-medio-ambiente","tag-secretaria-del-trabajo-y-prevision-social","tag-ultima-hora","tag-ultimas-noticias","tag-ultimo-minuto"],"_links":{"self":[{"href":"http:\/\/elveracruzano.vip\/index.php?rest_route=\/wp\/v2\/posts\/3527","targetHints":{"allow":["GET"]}}],"collection":[{"href":"http:\/\/elveracruzano.vip\/index.php?rest_route=\/wp\/v2\/posts"}],"about":[{"href":"http:\/\/elveracruzano.vip\/index.php?rest_route=\/wp\/v2\/types\/post"}],"author":[{"embeddable":true,"href":"http:\/\/elveracruzano.vip\/index.php?rest_route=\/wp\/v2\/users\/4"}],"replies":[{"embeddable":true,"href":"http:\/\/elveracruzano.vip\/index.php?rest_route=%2Fwp%2Fv2%2Fcomments&post=3527"}],"version-history":[{"count":1,"href":"http:\/\/elveracruzano.vip\/index.php?rest_route=\/wp\/v2\/posts\/3527\/revisions"}],"predecessor-version":[{"id":3529,"href":"http:\/\/elveracruzano.vip\/index.php?rest_route=\/wp\/v2\/posts\/3527\/revisions\/3529"}],"wp:featuredmedia":[{"embeddable":true,"href":"http:\/\/elveracruzano.vip\/index.php?rest_route=\/wp\/v2\/media\/3528"}],"wp:attachment":[{"href":"http:\/\/elveracruzano.vip\/index.php?rest_route=%2Fwp%2Fv2%2Fmedia&parent=3527"}],"wp:term":[{"taxonomy":"category","embeddable":true,"href":"http:\/\/elveracruzano.vip\/index.php?rest_route=%2Fwp%2Fv2%2Fcategories&post=3527"},{"taxonomy":"post_tag","embeddable":true,"href":"http:\/\/elveracruzano.vip\/index.php?rest_route=%2Fwp%2Fv2%2Ftags&post=3527"}],"curies":[{"name":"wp","href":"https:\/\/api.w.org\/{rel}","templated":true}]}}