{"id":3524,"date":"2022-09-22T11:33:38","date_gmt":"2022-09-22T16:33:38","guid":{"rendered":"http:\/\/elveracruzano.vip\/?p=3524"},"modified":"2022-09-27T21:07:47","modified_gmt":"2022-09-28T02:07:47","slug":"celebra-amado-cruz-anuncios-del-gobernador-de-veracruz-cuitlahuac-garcia-para-el-ayuntamiento-de-coatzacoalcos-pdtejuanmtnez-aytocordobaver","status":"publish","type":"post","link":"http:\/\/elveracruzano.vip\/?p=3524","title":{"rendered":"Celebra Amado Cruz anuncios del Gobernador de Veracruz, Cuitl\u00e1huac Garc\u00eda, para el ayuntamiento de Coatzacoalcos \/ @CruzMalpica @coatzagob>>>"},"content":{"rendered":"\n<p><strong>#Coatzacoalcos, #Ver<\/strong>.- El Presidente Municipal, Amado Cruz Malpica, destac\u00f3 la presencia del Gobernador Cuitl\u00e1huac Garc\u00eda Jim\u00e9nez en Coatzacoalcos, quien, durante su visita a esta ciudad atendi\u00f3 temas como la seguridad, la cultura y la salud, reflejando la importancia que tiene el municipio en la agenda estatal.<\/p>\n\n\n\n<p>Desde temprana hora, el mandatario estatal encabez\u00f3 la Mesa de Coordinaci\u00f3n para la Construcci\u00f3n de la Paz en la Sala de Cabildo; luego, el edil porte\u00f1o lo acompa\u00f1\u00f3 al Centro de Convenciones para presentar junto a Presidentes de la regi\u00f3n la \u201cCumbre Olmeca 2022\u201d; y finalmente acudieron el Hospital Materno Infantil para la firma del Acuerdo Marco con el IMSS.<\/p>\n\n\n\n<p>Durante la conferencia de prensa, Amado Cruz celebr\u00f3 y agradeci\u00f3 la iniciativa del Gobernador del Estado, Cuitl\u00e1huac Garc\u00eda Jim\u00e9nez para realizar por primera vez en la zona sur de Veracruz la \u201cCumbre Olmeca 2022: el Esplendor de Mesoam\u00e9rica\u201d, en donde Coatzacoalcos es una de las tres sedes de este festival, las otras las comparte con Nanchital e Ixhuatl\u00e1n del Sureste.<\/p>\n\n\n\n<p>\u201cHoy compartimos la presentaci\u00f3n de este importante evento, que realza a nuestra regi\u00f3n, cuna de la cultura madre Olmeca, para brindar un festival, promovido por la Secretar\u00eda de Turismo del Estado, que estar\u00e1 a la altura de nuestro legado art\u00edstico y cultural\u201d, remarc\u00f3.<\/p>\n\n\n\n<p><strong>#ElVeracruzanoVIP<\/strong> &#8211; <a href=\"https:\/\/www.facebook.com\/ElVeracruzanoVIP\/\"><strong>El Veracruzano VIP<\/strong><\/a><\/p>\n","protected":false},"excerpt":{"rendered":"<p>#Coatzacoalcos, #Ver.- El Presidente Municipal, Amado Cruz Malpica, destac\u00f3 la presencia del Gobernador Cuitl\u00e1huac Garc\u00eda Jim\u00e9nez en Coatzacoalcos, quien, durante<\/p>\n","protected":false},"author":4,"featured_media":3525,"comment_status":"open","ping_status":"open","sticky":false,"template":"","format":"standard","meta":{"colormag_page_container_layout":"default_layout","colormag_page_sidebar_layout":"default_layout","rop_custom_images_group":[],"rop_custom_messages_group":[],"rop_publish_now":"initial","rop_publish_now_accounts":{"facebook_109133384920963_108472061465099":""},"rop_publish_now_history":[],"rop_publish_now_status":"pending","footnotes":""},"categories":[10],"tags":[78,37,17,26,20,18,19,100,97,91,84,98,99,21,23,22],"class_list":["post-3524","post","type-post","status-publish","format-standard","has-post-thumbnail","hentry","category-municipios","tag-amado-cruz-malpica","tag-coatzacoalcos","tag-cuitlahuac-garcia-jimenez","tag-el-veracruzano-vip","tag-enterate","tag-gobierno-del-estado-de-veracruz","tag-redes-sociales","tag-secretaria-de-economia","tag-secretaria-de-educacion-publica","tag-secretaria-de-educacion-veracruz","tag-secretaria-de-proteccion-civil-del-estado-de-veracruz","tag-secretaria-del-medio-ambiente","tag-secretaria-del-trabajo-y-prevision-social","tag-ultima-hora","tag-ultimas-noticias","tag-ultimo-minuto"],"_links":{"self":[{"href":"http:\/\/elveracruzano.vip\/index.php?rest_route=\/wp\/v2\/posts\/3524","targetHints":{"allow":["GET"]}}],"collection":[{"href":"http:\/\/elveracruzano.vip\/index.php?rest_route=\/wp\/v2\/posts"}],"about":[{"href":"http:\/\/elveracruzano.vip\/index.php?rest_route=\/wp\/v2\/types\/post"}],"author":[{"embeddable":true,"href":"http:\/\/elveracruzano.vip\/index.php?rest_route=\/wp\/v2\/users\/4"}],"replies":[{"embeddable":true,"href":"http:\/\/elveracruzano.vip\/index.php?rest_route=%2Fwp%2Fv2%2Fcomments&post=3524"}],"version-history":[{"count":2,"href":"http:\/\/elveracruzano.vip\/index.php?rest_route=\/wp\/v2\/posts\/3524\/revisions"}],"predecessor-version":[{"id":3534,"href":"http:\/\/elveracruzano.vip\/index.php?rest_route=\/wp\/v2\/posts\/3524\/revisions\/3534"}],"wp:featuredmedia":[{"embeddable":true,"href":"http:\/\/elveracruzano.vip\/index.php?rest_route=\/wp\/v2\/media\/3525"}],"wp:attachment":[{"href":"http:\/\/elveracruzano.vip\/index.php?rest_route=%2Fwp%2Fv2%2Fmedia&parent=3524"}],"wp:term":[{"taxonomy":"category","embeddable":true,"href":"http:\/\/elveracruzano.vip\/index.php?rest_route=%2Fwp%2Fv2%2Fcategories&post=3524"},{"taxonomy":"post_tag","embeddable":true,"href":"http:\/\/elveracruzano.vip\/index.php?rest_route=%2Fwp%2Fv2%2Ftags&post=3524"}],"curies":[{"name":"wp","href":"https:\/\/api.w.org\/{rel}","templated":true}]}}