{"id":3435,"date":"2022-09-13T11:10:15","date_gmt":"2022-09-13T16:10:15","guid":{"rendered":"http:\/\/elveracruzano.vip\/?p=3435"},"modified":"2022-09-13T11:10:16","modified_gmt":"2022-09-13T16:10:16","slug":"a-traves-de-un-city-tour-por-sitios-representativos-refuerzan-alianzas-institucionales-en-xalapa-veracruz-ahuedricardo-aytoxalapa","status":"publish","type":"post","link":"http:\/\/elveracruzano.vip\/?p=3435","title":{"rendered":"A trav\u00e9s de un City Tour por sitios representativos, refuerzan alianzas institucionales en Xalapa, Veracruz \/ @ahuedricardo @AytoXalapa >>>"},"content":{"rendered":"\n<p><strong>#Xalapa, #Ver<\/strong>.- La Direcci\u00f3n de Turismo y la Secretaria del Ayuntamiento recibieron y atendieron al C\u00f3nsul General de Panam\u00e1 en Veracruz, Rub\u00e9n Dar\u00edo Santamaria Guerra, quien realiz\u00f3 una visita de cortes\u00eda por Xalapa; a trav\u00e9s de un City Tour recorri\u00f3 sitios representativos de la ciudad como Parque Ju\u00e1rez, Museo Casa de Xalapa, Las Virtudes, Murales y Palacio de Gobierno, Catedral Metropolitana, Museo San Rafael Gu\u00edzar y Valencia, Colegio Preparatorio, Callej\u00f3n de Rojas y Museo de Antropolog\u00eda de Xalapa por mencionar algunos, adem\u00e1s de conocer y disfrutar un m\u00e9todo de extracci\u00f3n en una barra de caf\u00e9 del centro hist\u00f3rico.<\/p>\n\n\n\n<p>Con esta acci\u00f3n se refuerzan las alianzas institucionales y de fraternidad, adem\u00e1s de la promoci\u00f3n tur\u00edstica de la capital veracruzana.<\/p>\n\n\n\n<p>Con trabajo, transparencia y alianzas firmes, Xalapa contribuye al desarrollo de la Atenas Veracruzana.<\/p>\n\n\n\n<figure class=\"wp-block-image aligncenter size-large is-resized\"><img loading=\"lazy\" decoding=\"async\" src=\"http:\/\/elveracruzano.vip\/wp-content\/uploads\/2022\/09\/xala2-1-1024x768.jpg\" alt=\"\" class=\"wp-image-3436\" width=\"492\" height=\"369\" srcset=\"http:\/\/elveracruzano.vip\/wp-content\/uploads\/2022\/09\/xala2-1-1024x768.jpg 1024w, http:\/\/elveracruzano.vip\/wp-content\/uploads\/2022\/09\/xala2-1-300x225.jpg 300w, http:\/\/elveracruzano.vip\/wp-content\/uploads\/2022\/09\/xala2-1-768x576.jpg 768w, http:\/\/elveracruzano.vip\/wp-content\/uploads\/2022\/09\/xala2-1-1536x1152.jpg 1536w, http:\/\/elveracruzano.vip\/wp-content\/uploads\/2022\/09\/xala2-1-600x450.jpg 600w, http:\/\/elveracruzano.vip\/wp-content\/uploads\/2022\/09\/xala2-1.jpg 1599w\" sizes=\"auto, (max-width: 492px) 100vw, 492px\" \/><\/figure>\n\n\n\n<p><strong>#ElVeracruzanoVIP<\/strong> &#8211; <a href=\"https:\/\/www.facebook.com\/ElVeracruzanoVIP\/\"><strong>El Veracruzano VIP<\/strong><\/a><\/p>\n","protected":false},"excerpt":{"rendered":"<p>#Xalapa, #Ver.- La Direcci\u00f3n de Turismo y la Secretaria del Ayuntamiento recibieron y atendieron al C\u00f3nsul General de Panam\u00e1 en<\/p>\n","protected":false},"author":4,"featured_media":3437,"comment_status":"open","ping_status":"open","sticky":false,"template":"","format":"standard","meta":{"colormag_page_container_layout":"default_layout","colormag_page_sidebar_layout":"default_layout","rop_custom_images_group":[],"rop_custom_messages_group":[],"rop_publish_now":"initial","rop_publish_now_accounts":{"facebook_109133384920963_108472061465099":""},"rop_publish_now_history":[],"rop_publish_now_status":"pending","footnotes":""},"categories":[11],"tags":[17,26,20,18,93,19,77,97,91,84,98,99,21,23,22,32],"class_list":["post-3435","post","type-post","status-publish","format-standard","has-post-thumbnail","hentry","category-municipios-destacados","tag-cuitlahuac-garcia-jimenez","tag-el-veracruzano-vip","tag-enterate","tag-gobierno-del-estado-de-veracruz","tag-pc-xalapa","tag-redes-sociales","tag-ricardo-ahued-bardahuil","tag-secretaria-de-educacion-publica","tag-secretaria-de-educacion-veracruz","tag-secretaria-de-proteccion-civil-del-estado-de-veracruz","tag-secretaria-del-medio-ambiente","tag-secretaria-del-trabajo-y-prevision-social","tag-ultima-hora","tag-ultimas-noticias","tag-ultimo-minuto","tag-xalapa"],"_links":{"self":[{"href":"http:\/\/elveracruzano.vip\/index.php?rest_route=\/wp\/v2\/posts\/3435","targetHints":{"allow":["GET"]}}],"collection":[{"href":"http:\/\/elveracruzano.vip\/index.php?rest_route=\/wp\/v2\/posts"}],"about":[{"href":"http:\/\/elveracruzano.vip\/index.php?rest_route=\/wp\/v2\/types\/post"}],"author":[{"embeddable":true,"href":"http:\/\/elveracruzano.vip\/index.php?rest_route=\/wp\/v2\/users\/4"}],"replies":[{"embeddable":true,"href":"http:\/\/elveracruzano.vip\/index.php?rest_route=%2Fwp%2Fv2%2Fcomments&post=3435"}],"version-history":[{"count":1,"href":"http:\/\/elveracruzano.vip\/index.php?rest_route=\/wp\/v2\/posts\/3435\/revisions"}],"predecessor-version":[{"id":3438,"href":"http:\/\/elveracruzano.vip\/index.php?rest_route=\/wp\/v2\/posts\/3435\/revisions\/3438"}],"wp:featuredmedia":[{"embeddable":true,"href":"http:\/\/elveracruzano.vip\/index.php?rest_route=\/wp\/v2\/media\/3437"}],"wp:attachment":[{"href":"http:\/\/elveracruzano.vip\/index.php?rest_route=%2Fwp%2Fv2%2Fmedia&parent=3435"}],"wp:term":[{"taxonomy":"category","embeddable":true,"href":"http:\/\/elveracruzano.vip\/index.php?rest_route=%2Fwp%2Fv2%2Fcategories&post=3435"},{"taxonomy":"post_tag","embeddable":true,"href":"http:\/\/elveracruzano.vip\/index.php?rest_route=%2Fwp%2Fv2%2Ftags&post=3435"}],"curies":[{"name":"wp","href":"https:\/\/api.w.org\/{rel}","templated":true}]}}