{"id":3417,"date":"2022-09-08T11:39:34","date_gmt":"2022-09-08T16:39:34","guid":{"rendered":"http:\/\/elveracruzano.vip\/?p=3417"},"modified":"2022-09-08T11:39:36","modified_gmt":"2022-09-08T16:39:36","slug":"minatitlan-sede-de-la-firma-de-convenios-para-el-fortalecimiento-y-el-desarrollo-municipal-en-el-estado-de-veracruz-dramedelpalma-gobminatitlan","status":"publish","type":"post","link":"http:\/\/elveracruzano.vip\/?p=3417","title":{"rendered":"Minatitl\u00e1n, sede de la firma de convenios para el fortalecimiento y el desarrollo municipal en el Estado de Veracruz \/ @DraMedelPalma @gobminatitlan >>>"},"content":{"rendered":"\n<p><strong>#Minatitl\u00e1n, #Ver.<\/strong>&#8211; El trabajo fusionado con el Instituto Veracruzano Desarrollo Municipal (INVEDEM) es de gran importancia para la modernizaci\u00f3n de los municipios del sur de Veracruz, destac\u00f3 Carmen Medel Palma, presidenta municipal de Minatitl\u00e1n, durante la firma de convenio en la que estuvo presente el director Rafael Alejandro Castillo Zugasti.<\/p>\n\n\n\n<p>El evento se llev\u00f3 a cabo en sala de cabildo, donde el municipio petrolero fue sede, en la que participaron alcaldes y ediles de municipios vecinos, Medel Palma resalt\u00f3 que uno de los compromisos del Gobierno del Estado es apoyar a las diferentes demarcaciones y aportar en el desarrollo de las comunidades.<\/p>\n\n\n\n<p>\u201cAgradezco a la administraci\u00f3n que encabeza el Gobernador Cuitl\u00e1huac Garc\u00eda Jim\u00e9nez, porque solo trabajando lado a lado, municipio y gobierno estatal, se puede lograr la transformaci\u00f3n que todos anhelamos\u201d indic\u00f3.<\/p>\n\n\n\n<p>Tambi\u00e9n hizo saber que con estas acciones permitir\u00e1 avanzar en la ruta correcta hacia el fortalecimiento y modernizaci\u00f3n de la administraci\u00f3n de ayuntamiento, favoreciendo el desarrollo integral a trav\u00e9s de los tres niveles de gobierno, trabajando con honradez y transparencia, como lo exige la ciudadan\u00eda.<\/p>\n\n\n\n<p><strong>#ElVeracruzanoVIP<\/strong> &#8211; <a href=\"https:\/\/www.facebook.com\/ElVeracruzanoVIP\/\"><strong>El Veracruzano VIP<\/strong><\/a><\/p>\n","protected":false},"excerpt":{"rendered":"<p>#Minatitl\u00e1n, #Ver.&#8211; El trabajo fusionado con el Instituto Veracruzano Desarrollo Municipal (INVEDEM) es de gran importancia para la modernizaci\u00f3n de<\/p>\n","protected":false},"author":4,"featured_media":3418,"comment_status":"open","ping_status":"open","sticky":false,"template":"","format":"standard","meta":{"colormag_page_container_layout":"default_layout","colormag_page_sidebar_layout":"default_layout","rop_custom_images_group":[],"rop_custom_messages_group":[],"rop_publish_now":"initial","rop_publish_now_accounts":{"facebook_109133384920963_108472061465099":""},"rop_publish_now_history":[],"rop_publish_now_status":"pending","footnotes":""},"categories":[8],"tags":[80,17,26,20,18,39,19,100,97,91,84,98,99,21,23,22],"class_list":["post-3417","post","type-post","status-publish","format-standard","has-post-thumbnail","hentry","category-alcaldesas","tag-carmen-medel-palma","tag-cuitlahuac-garcia-jimenez","tag-el-veracruzano-vip","tag-enterate","tag-gobierno-del-estado-de-veracruz","tag-minatitlan","tag-redes-sociales","tag-secretaria-de-economia","tag-secretaria-de-educacion-publica","tag-secretaria-de-educacion-veracruz","tag-secretaria-de-proteccion-civil-del-estado-de-veracruz","tag-secretaria-del-medio-ambiente","tag-secretaria-del-trabajo-y-prevision-social","tag-ultima-hora","tag-ultimas-noticias","tag-ultimo-minuto"],"_links":{"self":[{"href":"http:\/\/elveracruzano.vip\/index.php?rest_route=\/wp\/v2\/posts\/3417","targetHints":{"allow":["GET"]}}],"collection":[{"href":"http:\/\/elveracruzano.vip\/index.php?rest_route=\/wp\/v2\/posts"}],"about":[{"href":"http:\/\/elveracruzano.vip\/index.php?rest_route=\/wp\/v2\/types\/post"}],"author":[{"embeddable":true,"href":"http:\/\/elveracruzano.vip\/index.php?rest_route=\/wp\/v2\/users\/4"}],"replies":[{"embeddable":true,"href":"http:\/\/elveracruzano.vip\/index.php?rest_route=%2Fwp%2Fv2%2Fcomments&post=3417"}],"version-history":[{"count":1,"href":"http:\/\/elveracruzano.vip\/index.php?rest_route=\/wp\/v2\/posts\/3417\/revisions"}],"predecessor-version":[{"id":3419,"href":"http:\/\/elveracruzano.vip\/index.php?rest_route=\/wp\/v2\/posts\/3417\/revisions\/3419"}],"wp:featuredmedia":[{"embeddable":true,"href":"http:\/\/elveracruzano.vip\/index.php?rest_route=\/wp\/v2\/media\/3418"}],"wp:attachment":[{"href":"http:\/\/elveracruzano.vip\/index.php?rest_route=%2Fwp%2Fv2%2Fmedia&parent=3417"}],"wp:term":[{"taxonomy":"category","embeddable":true,"href":"http:\/\/elveracruzano.vip\/index.php?rest_route=%2Fwp%2Fv2%2Fcategories&post=3417"},{"taxonomy":"post_tag","embeddable":true,"href":"http:\/\/elveracruzano.vip\/index.php?rest_route=%2Fwp%2Fv2%2Ftags&post=3417"}],"curies":[{"name":"wp","href":"https:\/\/api.w.org\/{rel}","templated":true}]}}