{"id":3407,"date":"2022-09-08T19:30:00","date_gmt":"2022-09-09T00:30:00","guid":{"rendered":"http:\/\/elveracruzano.vip\/?p=3407"},"modified":"2022-09-08T11:24:01","modified_gmt":"2022-09-08T16:24:01","slug":"en-guerrero-promueve-la-capama-cuidado-del-agua-y-cultura-del-pago-en-colonias-populares-de-acapulco-abelinalopezr-acapulco","status":"publish","type":"post","link":"http:\/\/elveracruzano.vip\/?p=3407","title":{"rendered":"En Guerrero, promueve la Capama cuidado del agua y cultura del pago en colonias populares de Acapulco \/ @AbelinaLopezR @Acapulco >>>"},"content":{"rendered":"\n<p><strong>#Acapulco, #Gro<\/strong>.- Con el objetivo de llevar el mensaje del cuidado del agua y cultura del pago, personal de la direcci\u00f3n de atenci\u00f3n ciudadana llevan a cabo visitas y pl\u00e1ticas comunitarias a ciudadanos de diversas colonias populares de Acapulco, as\u00ed como al interior de las escuelas primarias y secundarias de este destino de playa.<\/p>\n\n\n\n<p>Por instrucciones de la presidenta municipal, Abelina L\u00f3pez Rodr\u00edguez y del director general de la Capama, Jes\u00fas Flores Guevara, integrantes del programa de cultura del agua acuden a estas comunidades y explican a los ciudadanos la forma correcta de almacenar el agua y como se da el ciclo para que el vital l\u00edquido llegue hasta sus hogares.<\/p>\n\n\n\n<p>El jefe del programa de cultura del agua, Salvador Flores Castrej\u00f3n, explic\u00f3 que, estas pl\u00e1ticas comunitarias se llevan a cabo por peticiones de los propios ciudadanos, los d\u00edas lunes, mi\u00e9rcoles y viernes, y se realizan en parques o en las viviendas de los propios vecinos.<\/p>\n\n\n\n<p>\u201cEl prop\u00f3sito de estas pl\u00e1ticas es concientizar a la poblaci\u00f3n, que los ciudadanos sepan c\u00f3mo cuidar el agua y como almacenarla correctamente, adem\u00e1s de promover la cultura del pago porque muchas personas que tienen el servicio tambi\u00e9n cuentan con adeudos, por ello estamos trabajando toda la semana\u201d, explic\u00f3 el funcionario.<\/p>\n\n\n\n<p><strong>#ElVeracruzanoVIP<\/strong> &#8211; <a href=\"https:\/\/www.facebook.com\/ElVeracruzanoVIP\/\"><strong>El Veracruzano VIP<\/strong><\/a><\/p>\n","protected":false},"excerpt":{"rendered":"<p>#Acapulco, #Gro.- Con el objetivo de llevar el mensaje del cuidado del agua y cultura del pago, personal de la<\/p>\n","protected":false},"author":4,"featured_media":3408,"comment_status":"open","ping_status":"open","sticky":false,"template":"","format":"standard","meta":{"colormag_page_container_layout":"default_layout","colormag_page_sidebar_layout":"default_layout","rop_custom_images_group":[],"rop_custom_messages_group":[],"rop_publish_now":"initial","rop_publish_now_accounts":{"facebook_109133384920963_108472061465099":""},"rop_publish_now_history":[],"rop_publish_now_status":"pending","footnotes":""},"categories":[12],"tags":[94,67,17,26,20,72,18,19,100,97,91,84,98,99,21,23,22],"class_list":["post-3407","post","type-post","status-publish","format-standard","has-post-thumbnail","hentry","category-municipios-en-mexico","tag-abelina-lopez-rodriguez","tag-acapulco","tag-cuitlahuac-garcia-jimenez","tag-el-veracruzano-vip","tag-enterate","tag-gobierno-del-estado-de-guerrero","tag-gobierno-del-estado-de-veracruz","tag-redes-sociales","tag-secretaria-de-economia","tag-secretaria-de-educacion-publica","tag-secretaria-de-educacion-veracruz","tag-secretaria-de-proteccion-civil-del-estado-de-veracruz","tag-secretaria-del-medio-ambiente","tag-secretaria-del-trabajo-y-prevision-social","tag-ultima-hora","tag-ultimas-noticias","tag-ultimo-minuto"],"_links":{"self":[{"href":"http:\/\/elveracruzano.vip\/index.php?rest_route=\/wp\/v2\/posts\/3407","targetHints":{"allow":["GET"]}}],"collection":[{"href":"http:\/\/elveracruzano.vip\/index.php?rest_route=\/wp\/v2\/posts"}],"about":[{"href":"http:\/\/elveracruzano.vip\/index.php?rest_route=\/wp\/v2\/types\/post"}],"author":[{"embeddable":true,"href":"http:\/\/elveracruzano.vip\/index.php?rest_route=\/wp\/v2\/users\/4"}],"replies":[{"embeddable":true,"href":"http:\/\/elveracruzano.vip\/index.php?rest_route=%2Fwp%2Fv2%2Fcomments&post=3407"}],"version-history":[{"count":1,"href":"http:\/\/elveracruzano.vip\/index.php?rest_route=\/wp\/v2\/posts\/3407\/revisions"}],"predecessor-version":[{"id":3409,"href":"http:\/\/elveracruzano.vip\/index.php?rest_route=\/wp\/v2\/posts\/3407\/revisions\/3409"}],"wp:featuredmedia":[{"embeddable":true,"href":"http:\/\/elveracruzano.vip\/index.php?rest_route=\/wp\/v2\/media\/3408"}],"wp:attachment":[{"href":"http:\/\/elveracruzano.vip\/index.php?rest_route=%2Fwp%2Fv2%2Fmedia&parent=3407"}],"wp:term":[{"taxonomy":"category","embeddable":true,"href":"http:\/\/elveracruzano.vip\/index.php?rest_route=%2Fwp%2Fv2%2Fcategories&post=3407"},{"taxonomy":"post_tag","embeddable":true,"href":"http:\/\/elveracruzano.vip\/index.php?rest_route=%2Fwp%2Fv2%2Ftags&post=3407"}],"curies":[{"name":"wp","href":"https:\/\/api.w.org\/{rel}","templated":true}]}}