{"id":3328,"date":"2022-08-25T19:30:00","date_gmt":"2022-08-26T00:30:00","guid":{"rendered":"http:\/\/elveracruzano.vip\/?p=3328"},"modified":"2022-08-25T11:52:29","modified_gmt":"2022-08-25T16:52:29","slug":"alcalde-de-ecatepec-entrega-bonos-economicos-a-164-elementos-del-heroico-cuerpo-de-bomberos-fervilchismx-ecatepec","status":"publish","type":"post","link":"http:\/\/elveracruzano.vip\/?p=3328","title":{"rendered":"Alcalde de Ecatepec entrega bonos econ\u00f3micos a 164 elementos del Heroico Cuerpo de Bomberos \/ @FerVilchisMx @Ecatepec >>>"},"content":{"rendered":"\n<p><strong>#Ecatepec, #Edom\u00e9x<\/strong>.- Con motivo de la conmemoraci\u00f3n del D\u00eda Nacional del Bomberos, el alcalde entreg\u00f3 bonos econ\u00f3mico como un incentivo al trabajo que desempe\u00f1an los 164 elementos de la Direcci\u00f3n de Protecci\u00f3n Civil y Bomberos.<\/p>\n\n\n\n<p>Vilchis Contreras reconoci\u00f3: \u201cLa entrega de estos est\u00edmulos con motivo del d\u00eda del bombero, es muy importante para nosotros como gobierno, es una \u00e1rea fundamental y por eso hOy saludo a todos los integrantes de este cuerpo heroico de bomberos de Ecatepec, que est\u00e1n de manteles largos por este d\u00eda y que bueno pues las autoridades, ciudadanos y toda la sociedad en su conjunto les rendimos un muy merecido homenaje por la gran labor que realizan para proteger la vida de nuestros semejantes\u201d.<\/p>\n\n\n\n<p>\u201cHace 40 meses tomamos las riendas de este gobierno, una de las primeras grandes decisiones que tomamos fue la de dotar de motobombas, carros cisternas a nuestros bomberos y elementos de protecci\u00f3n civil\u201d, reconoci\u00f3.<\/p>\n\n\n\n<p>El edil record\u00f3 que hace tres a\u00f1os recibi\u00f3 un corporaci\u00f3n marginada, sin equipamiento y que operaba en malas condiciones derivado de los nulos apoyos de gobiernos anteriores hacia la corporaci\u00f3n.<\/p>\n\n\n\n<p>Reiter\u00f3 que en los \u00faltimos 45 meses, el gobierno municipal adquiri\u00f3 trajes de alta tecnolog\u00eda, para combatir incendios; colchones y las pinzas neum\u00e1ticas (pinzas de la vida), la remodelaci\u00f3n de la base de bomberos Emiliano Zapata, la construcci\u00f3n de la base \u201cOcelot\u201d en las faldas de la Sierra de Guadalupe en la zona de San Andr\u00e9s de la Ca\u00f1ada, y la base Cuauht\u00e9moc.<\/p>\n\n\n\n<p><strong>#ElVeracruzanoVIP<\/strong> &#8211; <a href=\"https:\/\/www.facebook.com\/ElVeracruzanoVIP\/\"><strong>El Veracruzano VIP<\/strong><\/a><\/p>\n","protected":false},"excerpt":{"rendered":"<p>#Ecatepec, #Edom\u00e9x.- Con motivo de la conmemoraci\u00f3n del D\u00eda Nacional del Bomberos, el alcalde entreg\u00f3 bonos econ\u00f3mico como un incentivo<\/p>\n","protected":false},"author":4,"featured_media":3329,"comment_status":"open","ping_status":"open","sticky":false,"template":"","format":"standard","meta":{"colormag_page_container_layout":"default_layout","colormag_page_sidebar_layout":"default_layout","rop_custom_images_group":[],"rop_custom_messages_group":[],"rop_publish_now":"initial","rop_publish_now_accounts":{"facebook_109133384920963_108472061465099":""},"rop_publish_now_history":[],"rop_publish_now_status":"pending","footnotes":""},"categories":[12],"tags":[17,86,26,20,96,85,18,19,97,91,84,98,21,23,22],"class_list":["post-3328","post","type-post","status-publish","format-standard","has-post-thumbnail","hentry","category-municipios-en-mexico","tag-cuitlahuac-garcia-jimenez","tag-dif-ecatepec-de-morelos","tag-el-veracruzano-vip","tag-enterate","tag-fernando-vilchis-contreras","tag-gobierno-de-ecatepec-de-morelos","tag-gobierno-del-estado-de-veracruz","tag-redes-sociales","tag-secretaria-de-educacion-publica","tag-secretaria-de-educacion-veracruz","tag-secretaria-de-proteccion-civil-del-estado-de-veracruz","tag-secretaria-del-medio-ambiente","tag-ultima-hora","tag-ultimas-noticias","tag-ultimo-minuto"],"_links":{"self":[{"href":"http:\/\/elveracruzano.vip\/index.php?rest_route=\/wp\/v2\/posts\/3328","targetHints":{"allow":["GET"]}}],"collection":[{"href":"http:\/\/elveracruzano.vip\/index.php?rest_route=\/wp\/v2\/posts"}],"about":[{"href":"http:\/\/elveracruzano.vip\/index.php?rest_route=\/wp\/v2\/types\/post"}],"author":[{"embeddable":true,"href":"http:\/\/elveracruzano.vip\/index.php?rest_route=\/wp\/v2\/users\/4"}],"replies":[{"embeddable":true,"href":"http:\/\/elveracruzano.vip\/index.php?rest_route=%2Fwp%2Fv2%2Fcomments&post=3328"}],"version-history":[{"count":1,"href":"http:\/\/elveracruzano.vip\/index.php?rest_route=\/wp\/v2\/posts\/3328\/revisions"}],"predecessor-version":[{"id":3330,"href":"http:\/\/elveracruzano.vip\/index.php?rest_route=\/wp\/v2\/posts\/3328\/revisions\/3330"}],"wp:featuredmedia":[{"embeddable":true,"href":"http:\/\/elveracruzano.vip\/index.php?rest_route=\/wp\/v2\/media\/3329"}],"wp:attachment":[{"href":"http:\/\/elveracruzano.vip\/index.php?rest_route=%2Fwp%2Fv2%2Fmedia&parent=3328"}],"wp:term":[{"taxonomy":"category","embeddable":true,"href":"http:\/\/elveracruzano.vip\/index.php?rest_route=%2Fwp%2Fv2%2Fcategories&post=3328"},{"taxonomy":"post_tag","embeddable":true,"href":"http:\/\/elveracruzano.vip\/index.php?rest_route=%2Fwp%2Fv2%2Ftags&post=3328"}],"curies":[{"name":"wp","href":"https:\/\/api.w.org\/{rel}","templated":true}]}}