{"id":3241,"date":"2022-08-16T16:00:00","date_gmt":"2022-08-16T21:00:00","guid":{"rendered":"http:\/\/elveracruzano.vip\/?p=3241"},"modified":"2022-08-16T10:32:13","modified_gmt":"2022-08-16T15:32:13","slug":"ecatepec-retirara-nombres-de-politicos-de-instalaciones-deportivas-y-pondra-el-de-atletas-destacados-fervilchismx-ecatepec","status":"publish","type":"post","link":"http:\/\/elveracruzano.vip\/?p=3241","title":{"rendered":"Ecatepec retirar\u00e1 nombres de pol\u00edticos de instalaciones deportivas y pondr\u00e1 el de atletas destacados \/ @FerVilchisMx @Ecatepec >>"},"content":{"rendered":"\n<p><strong>#Ecatepec, #Edom\u00e9x<\/strong>.- El presidente municipal por Ministerio de Ley de Ecatepec, Ernesto Santill\u00e1 Ram\u00edrez, anunci\u00f3 en los pr\u00f3ximos d\u00edas se presentar\u00e1 una iniciativa al cabildo para que las instalaciones deportivas del municipio lleven los nombres de deportistas destacados, como es el caso del baquetbolista profesional Gael Bonilla Silva.<br>\u00a0<br>Indic\u00f3 que el proyecto consiste en cambiarle el nombre a los deportivos municipales que actualmente son identificados con nombres de pol\u00edticos de anta\u00f1o, por el de j\u00f3venes deportistas que son ejemplo para ni\u00f1os y j\u00f3venes del municipio..<br>\u00a0<br>As\u00ed lo anunci\u00f3 durante el arranque de la rehabilitaci\u00f3n de la canchas de basquetbol de la Quinta secci\u00f3n de la colonia Jardines de Morelos, donde adelant\u00f3 que propondr\u00e1 al cabildo que dichas instalaciones lleven el nombre de Gael Bonilla, joven basquetbolista de 19 a\u00f1os de edad que juega actualmente en la liga espa\u00f1ola con el Barcelona y en la selecci\u00f3n nacional de la especialidad.<br>\u00a0<br>Santill\u00e1n Ram\u00edrez reiter\u00f3: \u201cNo va a ser la \u00fanica cancha donde se propondr\u00e1 cambiarle el nombre. Voy a proponer a Cabildo que a la mayor parte o por lo menos 200 deportivos se les cambie el nombre y dar ese reconocimiento a los verdaderos deportistas, en vez que a un pol\u00edtico de anta\u00f1o\u201d.<br>\u00a0<br><strong>#ElVeracruzanoVIP<\/strong> &#8211; <a href=\"https:\/\/www.facebook.com\/ElVeracruzanoVIP\/\"><strong>El Veracruzano VIP<\/strong><\/a><\/p>\n","protected":false},"excerpt":{"rendered":"<p>#Ecatepec, #Edom\u00e9x.- El presidente municipal por Ministerio de Ley de Ecatepec, Ernesto Santill\u00e1 Ram\u00edrez, anunci\u00f3 en los pr\u00f3ximos d\u00edas se<\/p>\n","protected":false},"author":4,"featured_media":3242,"comment_status":"open","ping_status":"open","sticky":false,"template":"","format":"standard","meta":{"colormag_page_container_layout":"default_layout","colormag_page_sidebar_layout":"default_layout","rop_custom_images_group":[],"rop_custom_messages_group":[],"rop_publish_now":"initial","rop_publish_now_accounts":{"facebook_109133384920963_108472061465099":""},"rop_publish_now_history":[],"rop_publish_now_status":"pending","footnotes":""},"categories":[12],"tags":[17,86,26,20,96,85,18,19,100,97,91,84,98,99,21,23,22],"class_list":["post-3241","post","type-post","status-publish","format-standard","has-post-thumbnail","hentry","category-municipios-en-mexico","tag-cuitlahuac-garcia-jimenez","tag-dif-ecatepec-de-morelos","tag-el-veracruzano-vip","tag-enterate","tag-fernando-vilchis-contreras","tag-gobierno-de-ecatepec-de-morelos","tag-gobierno-del-estado-de-veracruz","tag-redes-sociales","tag-secretaria-de-economia","tag-secretaria-de-educacion-publica","tag-secretaria-de-educacion-veracruz","tag-secretaria-de-proteccion-civil-del-estado-de-veracruz","tag-secretaria-del-medio-ambiente","tag-secretaria-del-trabajo-y-prevision-social","tag-ultima-hora","tag-ultimas-noticias","tag-ultimo-minuto"],"_links":{"self":[{"href":"http:\/\/elveracruzano.vip\/index.php?rest_route=\/wp\/v2\/posts\/3241","targetHints":{"allow":["GET"]}}],"collection":[{"href":"http:\/\/elveracruzano.vip\/index.php?rest_route=\/wp\/v2\/posts"}],"about":[{"href":"http:\/\/elveracruzano.vip\/index.php?rest_route=\/wp\/v2\/types\/post"}],"author":[{"embeddable":true,"href":"http:\/\/elveracruzano.vip\/index.php?rest_route=\/wp\/v2\/users\/4"}],"replies":[{"embeddable":true,"href":"http:\/\/elveracruzano.vip\/index.php?rest_route=%2Fwp%2Fv2%2Fcomments&post=3241"}],"version-history":[{"count":1,"href":"http:\/\/elveracruzano.vip\/index.php?rest_route=\/wp\/v2\/posts\/3241\/revisions"}],"predecessor-version":[{"id":3243,"href":"http:\/\/elveracruzano.vip\/index.php?rest_route=\/wp\/v2\/posts\/3241\/revisions\/3243"}],"wp:featuredmedia":[{"embeddable":true,"href":"http:\/\/elveracruzano.vip\/index.php?rest_route=\/wp\/v2\/media\/3242"}],"wp:attachment":[{"href":"http:\/\/elveracruzano.vip\/index.php?rest_route=%2Fwp%2Fv2%2Fmedia&parent=3241"}],"wp:term":[{"taxonomy":"category","embeddable":true,"href":"http:\/\/elveracruzano.vip\/index.php?rest_route=%2Fwp%2Fv2%2Fcategories&post=3241"},{"taxonomy":"post_tag","embeddable":true,"href":"http:\/\/elveracruzano.vip\/index.php?rest_route=%2Fwp%2Fv2%2Ftags&post=3241"}],"curies":[{"name":"wp","href":"https:\/\/api.w.org\/{rel}","templated":true}]}}