{"id":3228,"date":"2022-08-16T12:00:00","date_gmt":"2022-08-16T17:00:00","guid":{"rendered":"http:\/\/elveracruzano.vip\/?p=3228"},"modified":"2022-08-16T10:13:39","modified_gmt":"2022-08-16T15:13:39","slug":"veracruz-un-gobierno-transparente-de-rendicion-de-cuentas-y-combate-a-la-corrupcion","status":"publish","type":"post","link":"http:\/\/elveracruzano.vip\/?p=3228","title":{"rendered":"Veracruz: un gobierno transparente, de rendici\u00f3n de cuentas y combate a la corrupci\u00f3n"},"content":{"rendered":"\n<p><strong>#Xalapa, #Ver<\/strong>.- La Contralor\u00eda General del Estado (CGE) y el Instituto Veracruzano de Acceso a la Informaci\u00f3n y Protecci\u00f3n de Datos Personales (IVAI) anunciaron la publicaci\u00f3n de las 175 mil 776 declaraciones patrimoniales de las personas servidoras p\u00fablicas del Poder Ejecutivo, como parte del fortalecimiento a la transparencia y el combate a la corrupci\u00f3n.<\/p>\n\n\n\n<p>En acto protocolario, el gobernador Cuitl\u00e1huac Garc\u00eda Jim\u00e9nez acentu\u00f3 el trabajo coordinado e institucional para generar una pol\u00edtica de rendici\u00f3n de cuentas sobre lo que se adquiere, gasta y tiene; \u201cqueremos dar garant\u00eda de que los recursos p\u00fablicos nunca m\u00e1s lleguen a los bolsillos de los funcionarios de manera ilegal. Ya no m\u00e1s gobernadores que construyen fortunas con el dinero p\u00fablico\u201d.<\/p>\n\n\n\n<p>Con la presencia de los contralores internos de la Administraci\u00f3n, la titular de la CGE, Mercedes Santoyo Dom\u00ednguez, destac\u00f3 que Veracruz es un gobierno transparente, de rendici\u00f3n de cuentas y combate a la corrupci\u00f3n, al ser el estado 18 en publicar las declaraciones patrimoniales, cuidando las formas y fondos. Tambi\u00e9n, desde 2021, recibi\u00f3 la autorizaci\u00f3n de la Secretar\u00eda de la Funci\u00f3n P\u00fablica para una plataforma gratuita que ahora alberga casi 200 mil informes.<\/p>\n\n\n\n<p>\u201cFuimos uno de los cinco estados de la Rep\u00fablica que en 2021 no solicitamos ampliaci\u00f3n de plazos, haciendo uso de recursos propios logramos cumplir en tiempo. Este 2022 tampoco solicitamos ampliaci\u00f3n de plazo, cumplimos la meta del a\u00f1o pasado y aumentamos en 11 por ciento el n\u00famero de servidores p\u00fablicos que se suman a cumplir con su declaraci\u00f3n patrimonial\u201d, abund\u00f3.<\/p>\n\n\n\n<p><strong>#ElVeracruzanoVIP<\/strong> &#8211; <a href=\"https:\/\/www.facebook.com\/ElVeracruzanoVIP\/\"><strong>El Veracruzano VIP<\/strong><\/a><\/p>\n","protected":false},"excerpt":{"rendered":"<p>#Xalapa, #Ver.- La Contralor\u00eda General del Estado (CGE) y el Instituto Veracruzano de Acceso a la Informaci\u00f3n y Protecci\u00f3n de<\/p>\n","protected":false},"author":4,"featured_media":3229,"comment_status":"open","ping_status":"open","sticky":false,"template":"","format":"standard","meta":{"colormag_page_container_layout":"default_layout","colormag_page_sidebar_layout":"default_layout","rop_custom_images_group":[],"rop_custom_messages_group":[],"rop_publish_now":"initial","rop_publish_now_accounts":{"facebook_109133384920963_108472061465099":""},"rop_publish_now_history":[],"rop_publish_now_status":"pending","footnotes":""},"categories":[16],"tags":[17,26,20,18,24,19,100,97,91,84,98,99,21,23,22],"class_list":["post-3228","post","type-post","status-publish","format-standard","has-post-thumbnail","hentry","category-ultima-hora","tag-cuitlahuac-garcia-jimenez","tag-el-veracruzano-vip","tag-enterate","tag-gobierno-del-estado-de-veracruz","tag-morena-veracruz","tag-redes-sociales","tag-secretaria-de-economia","tag-secretaria-de-educacion-publica","tag-secretaria-de-educacion-veracruz","tag-secretaria-de-proteccion-civil-del-estado-de-veracruz","tag-secretaria-del-medio-ambiente","tag-secretaria-del-trabajo-y-prevision-social","tag-ultima-hora","tag-ultimas-noticias","tag-ultimo-minuto"],"_links":{"self":[{"href":"http:\/\/elveracruzano.vip\/index.php?rest_route=\/wp\/v2\/posts\/3228","targetHints":{"allow":["GET"]}}],"collection":[{"href":"http:\/\/elveracruzano.vip\/index.php?rest_route=\/wp\/v2\/posts"}],"about":[{"href":"http:\/\/elveracruzano.vip\/index.php?rest_route=\/wp\/v2\/types\/post"}],"author":[{"embeddable":true,"href":"http:\/\/elveracruzano.vip\/index.php?rest_route=\/wp\/v2\/users\/4"}],"replies":[{"embeddable":true,"href":"http:\/\/elveracruzano.vip\/index.php?rest_route=%2Fwp%2Fv2%2Fcomments&post=3228"}],"version-history":[{"count":1,"href":"http:\/\/elveracruzano.vip\/index.php?rest_route=\/wp\/v2\/posts\/3228\/revisions"}],"predecessor-version":[{"id":3230,"href":"http:\/\/elveracruzano.vip\/index.php?rest_route=\/wp\/v2\/posts\/3228\/revisions\/3230"}],"wp:featuredmedia":[{"embeddable":true,"href":"http:\/\/elveracruzano.vip\/index.php?rest_route=\/wp\/v2\/media\/3229"}],"wp:attachment":[{"href":"http:\/\/elveracruzano.vip\/index.php?rest_route=%2Fwp%2Fv2%2Fmedia&parent=3228"}],"wp:term":[{"taxonomy":"category","embeddable":true,"href":"http:\/\/elveracruzano.vip\/index.php?rest_route=%2Fwp%2Fv2%2Fcategories&post=3228"},{"taxonomy":"post_tag","embeddable":true,"href":"http:\/\/elveracruzano.vip\/index.php?rest_route=%2Fwp%2Fv2%2Ftags&post=3228"}],"curies":[{"name":"wp","href":"https:\/\/api.w.org\/{rel}","templated":true}]}}