{"id":3203,"date":"2022-08-11T11:37:30","date_gmt":"2022-08-11T16:37:30","guid":{"rendered":"http:\/\/elveracruzano.vip\/?p=3203"},"modified":"2022-08-11T11:37:31","modified_gmt":"2022-08-11T16:37:31","slug":"veracruz-y-sader-conjuntan-acciones-para-consolidar-la-produccion-rural-sustentable","status":"publish","type":"post","link":"http:\/\/elveracruzano.vip\/?p=3203","title":{"rendered":"Veracruz y SADER conjuntan acciones para consolidar la producci\u00f3n rural sustentable"},"content":{"rendered":"\n<p><strong>#EstadoDeVeracruz<\/strong>.- Veracruz es el estado que m\u00e1s invierte en el acompa\u00f1amiento para incrementar el rendimiento del campo, al contar con 500 t\u00e9cnicas y t\u00e9cnicos, superando, incluso, los mil 300 elementos que en todo el pa\u00eds atienden a dos millones de peque\u00f1os y medianos productores, reconoci\u00f3 la Secretar\u00eda de Agricultura y Desarrollo Rural (SADER).<\/p>\n\n\n\n<p>Como testigo de honor durante la firma del\u00a0Anexo T\u00e9cnico de Ejecuci\u00f3n Espec\u00edfico, en el marco del\u00a0Convenio de Coordinaci\u00f3n para el Desarrollo Rural Sustentable 2019-2024, el gobernador Cuitl\u00e1huac Garc\u00eda Jim\u00e9nez expuso la convicci\u00f3n y apego a la pol\u00edtica de autosuficiencia alimentaria de la Cuarta Transformaci\u00f3n; adem\u00e1s, el impulso otorgado desde la educaci\u00f3n tecnol\u00f3gica agropecuaria al destinar 100 millones de pesos a proyectos productivos.<\/p>\n\n\n\n<p>La cooperaci\u00f3n se fortalecer\u00e1 con el Anexo T\u00e9cnico, el cual tiene por objeto siete acciones espec\u00edficas, entre ellas: incorporar al equipo t\u00e9cnico estatal a los talleres de capacitaci\u00f3n, organizados por la SADER e impartidos por especialistas, para desarrollar y fortalecer sus capacidades en la elaboraci\u00f3n de bioinsumos de calidad.<\/p>\n\n\n\n<p>Adem\u00e1s, promocionar el uso de estos biol\u00f3gicos con el fin de incrementar su elaboraci\u00f3n; promover visitas a los Centros de Producci\u00f3n de Bioinsumos para el conocimiento, fortalecimiento y utilidad de esta infraestructura; manejo de los materiales y herramientas tecnol\u00f3gicas en la formaci\u00f3n y actualizaci\u00f3n de los t\u00e9cnicos y agricultores participantes.\u00a0<\/p>\n\n\n\n<p><strong>#ElVeracruzanoVIP<\/strong><\/p>\n","protected":false},"excerpt":{"rendered":"<p>#EstadoDeVeracruz.- Veracruz es el estado que m\u00e1s invierte en el acompa\u00f1amiento para incrementar el rendimiento del campo, al contar con<\/p>\n","protected":false},"author":4,"featured_media":3204,"comment_status":"open","ping_status":"open","sticky":false,"template":"","format":"standard","meta":{"colormag_page_container_layout":"default_layout","colormag_page_sidebar_layout":"default_layout","rop_custom_images_group":[],"rop_custom_messages_group":[],"rop_publish_now":"initial","rop_publish_now_accounts":{"facebook_109133384920963_108472061465099":""},"rop_publish_now_history":[],"rop_publish_now_status":"pending","footnotes":""},"categories":[13],"tags":[17,26,20,18,19,21,23,22],"class_list":["post-3203","post","type-post","status-publish","format-standard","has-post-thumbnail","hentry","category-principales","tag-cuitlahuac-garcia-jimenez","tag-el-veracruzano-vip","tag-enterate","tag-gobierno-del-estado-de-veracruz","tag-redes-sociales","tag-ultima-hora","tag-ultimas-noticias","tag-ultimo-minuto"],"_links":{"self":[{"href":"http:\/\/elveracruzano.vip\/index.php?rest_route=\/wp\/v2\/posts\/3203","targetHints":{"allow":["GET"]}}],"collection":[{"href":"http:\/\/elveracruzano.vip\/index.php?rest_route=\/wp\/v2\/posts"}],"about":[{"href":"http:\/\/elveracruzano.vip\/index.php?rest_route=\/wp\/v2\/types\/post"}],"author":[{"embeddable":true,"href":"http:\/\/elveracruzano.vip\/index.php?rest_route=\/wp\/v2\/users\/4"}],"replies":[{"embeddable":true,"href":"http:\/\/elveracruzano.vip\/index.php?rest_route=%2Fwp%2Fv2%2Fcomments&post=3203"}],"version-history":[{"count":1,"href":"http:\/\/elveracruzano.vip\/index.php?rest_route=\/wp\/v2\/posts\/3203\/revisions"}],"predecessor-version":[{"id":3205,"href":"http:\/\/elveracruzano.vip\/index.php?rest_route=\/wp\/v2\/posts\/3203\/revisions\/3205"}],"wp:featuredmedia":[{"embeddable":true,"href":"http:\/\/elveracruzano.vip\/index.php?rest_route=\/wp\/v2\/media\/3204"}],"wp:attachment":[{"href":"http:\/\/elveracruzano.vip\/index.php?rest_route=%2Fwp%2Fv2%2Fmedia&parent=3203"}],"wp:term":[{"taxonomy":"category","embeddable":true,"href":"http:\/\/elveracruzano.vip\/index.php?rest_route=%2Fwp%2Fv2%2Fcategories&post=3203"},{"taxonomy":"post_tag","embeddable":true,"href":"http:\/\/elveracruzano.vip\/index.php?rest_route=%2Fwp%2Fv2%2Ftags&post=3203"}],"curies":[{"name":"wp","href":"https:\/\/api.w.org\/{rel}","templated":true}]}}