{"id":3200,"date":"2022-08-09T10:55:31","date_gmt":"2022-08-09T15:55:31","guid":{"rendered":"http:\/\/elveracruzano.vip\/?p=3200"},"modified":"2022-08-09T10:55:32","modified_gmt":"2022-08-09T15:55:32","slug":"alcalde-de-coatzacoalcos-amado-cruz-impulsa-el-programa-cine-en-tu-colonia","status":"publish","type":"post","link":"http:\/\/elveracruzano.vip\/?p=3200","title":{"rendered":"Alcalde de Coatzacoalcos, Amado Cruz, impulsa el programa \u00abCine en tu Colonia\u00bb"},"content":{"rendered":"\n<p><strong>#Coatzacoalcos, #Ver.<\/strong>&#8211; El Gobierno de Coatzacoalcos, que preside Amado Jes\u00fas Cruz Malpica, a trav\u00e9s de la Regidur\u00eda Tercera, a cargo de \u00c1ngel Echevarr\u00eda Escamilla,\u00a0visit\u00f3 dos zonas prioritarias de Coatzacoalcos para llevar el programa \u201cCine en tu Colonia\u201d, que tiene la finalidad de compartir valores y cultura a los menores de edad a trav\u00e9s de la proyecci\u00f3n de pel\u00edculas.<\/p>\n\n\n\n<p>El Presidente Municipal, Amado Cruz, acompa\u00f1ado de su esposa y Presidenta del DIF municipal, Esther Mortera Zetina,\u00a0aprovech\u00f3 la oportunidad para agradecer a los padres de familia por participar en estas actividades\u00a0y al mismo tiempo para convivir con las familias porte\u00f1as.<\/p>\n\n\n\n<p>Destac\u00f3\u00a0la importancia de que los adultos lleven a los peque\u00f1os a los eventos que se organizan\u00a0con la intenci\u00f3n de que convivan sanamente y al mismo tiempo aprendan temas que les servir\u00e1n para su formaci\u00f3n personal e intelectual.<\/p>\n\n\n\n<p>A su llegada dio unas palabras de bienvenida y posteriormente\u00a0disfrut\u00f3 la pel\u00edcula en compa\u00f1\u00eda de todos los peque\u00f1os. Durante los dos d\u00edas se capt\u00f3 la participaci\u00f3n de 300 menores de edad que acudieron a las funciones de cine.<\/p>\n\n\n\n<p><strong>#ElVeracruzanoVIP<\/strong><\/p>\n","protected":false},"excerpt":{"rendered":"<p>#Coatzacoalcos, #Ver.&#8211; El Gobierno de Coatzacoalcos, que preside Amado Jes\u00fas Cruz Malpica, a trav\u00e9s de la Regidur\u00eda Tercera, a cargo<\/p>\n","protected":false},"author":4,"featured_media":3201,"comment_status":"open","ping_status":"open","sticky":false,"template":"","format":"standard","meta":{"colormag_page_container_layout":"default_layout","colormag_page_sidebar_layout":"default_layout","rop_custom_images_group":[],"rop_custom_messages_group":[],"rop_publish_now":"initial","rop_publish_now_accounts":{"facebook_109133384920963_108472061465099":""},"rop_publish_now_history":[],"rop_publish_now_status":"pending","footnotes":""},"categories":[10],"tags":[78,37,17,26,20,18,19,21,23,22],"class_list":["post-3200","post","type-post","status-publish","format-standard","has-post-thumbnail","hentry","category-municipios","tag-amado-cruz-malpica","tag-coatzacoalcos","tag-cuitlahuac-garcia-jimenez","tag-el-veracruzano-vip","tag-enterate","tag-gobierno-del-estado-de-veracruz","tag-redes-sociales","tag-ultima-hora","tag-ultimas-noticias","tag-ultimo-minuto"],"_links":{"self":[{"href":"http:\/\/elveracruzano.vip\/index.php?rest_route=\/wp\/v2\/posts\/3200","targetHints":{"allow":["GET"]}}],"collection":[{"href":"http:\/\/elveracruzano.vip\/index.php?rest_route=\/wp\/v2\/posts"}],"about":[{"href":"http:\/\/elveracruzano.vip\/index.php?rest_route=\/wp\/v2\/types\/post"}],"author":[{"embeddable":true,"href":"http:\/\/elveracruzano.vip\/index.php?rest_route=\/wp\/v2\/users\/4"}],"replies":[{"embeddable":true,"href":"http:\/\/elveracruzano.vip\/index.php?rest_route=%2Fwp%2Fv2%2Fcomments&post=3200"}],"version-history":[{"count":1,"href":"http:\/\/elveracruzano.vip\/index.php?rest_route=\/wp\/v2\/posts\/3200\/revisions"}],"predecessor-version":[{"id":3202,"href":"http:\/\/elveracruzano.vip\/index.php?rest_route=\/wp\/v2\/posts\/3200\/revisions\/3202"}],"wp:featuredmedia":[{"embeddable":true,"href":"http:\/\/elveracruzano.vip\/index.php?rest_route=\/wp\/v2\/media\/3201"}],"wp:attachment":[{"href":"http:\/\/elveracruzano.vip\/index.php?rest_route=%2Fwp%2Fv2%2Fmedia&parent=3200"}],"wp:term":[{"taxonomy":"category","embeddable":true,"href":"http:\/\/elveracruzano.vip\/index.php?rest_route=%2Fwp%2Fv2%2Fcategories&post=3200"},{"taxonomy":"post_tag","embeddable":true,"href":"http:\/\/elveracruzano.vip\/index.php?rest_route=%2Fwp%2Fv2%2Ftags&post=3200"}],"curies":[{"name":"wp","href":"https:\/\/api.w.org\/{rel}","templated":true}]}}