{"id":3149,"date":"2022-08-04T11:15:01","date_gmt":"2022-08-04T16:15:01","guid":{"rendered":"http:\/\/elveracruzano.vip\/?p=3149"},"modified":"2022-08-04T11:15:01","modified_gmt":"2022-08-04T16:15:01","slug":"con-entrega-de-visas-reune-gobierno-de-veracruz-a-197-adultos-mayores-con-sus-hijos-migrantes","status":"publish","type":"post","link":"http:\/\/elveracruzano.vip\/?p=3149","title":{"rendered":"Con entrega de visas, re\u00fane Gobierno de Veracruz a 197 adultos mayores con sus hijos migrantes"},"content":{"rendered":"\n<p><strong>#Xalapa, #Ver<\/strong>.- A trav\u00e9s del Programa de Reunificaci\u00f3n Familiar\u00a0<em>Con ra\u00edces veracruzanas<\/em>, el Gobierno del Estado entreg\u00f3 197 visas B1\/B2 a personas adultas mayores, quienes cumplir\u00e1n el sue\u00f1o de viajar a Estados Unidos para reencontrarse temporalmente con sus hijas e hijos, a quienes no han visto desde hace d\u00e9cadas.<\/p>\n\n\n\n<p>\u201cSon nuestros hermanos, ellos son h\u00e9roes, porque env\u00edan apoyo a su gente ac\u00e1 y de paso ayudan a mantener los ingresos del pa\u00eds, ese gesto lo tiene muy presente nuestro Presidente. No puedo m\u00e1s que verme conmovido por este esfuerzo para ver a sus familias y que nosotros secundamos\u201d, manifest\u00f3 el gobernador, Cuitl\u00e1huac Garc\u00eda Jim\u00e9nez.<\/p>\n\n\n\n<p>En su intervenci\u00f3n, el secretario de Gobierno, Eric Cisneros Burgos, explic\u00f3 que, al igual que muchos paisanos, vivi\u00f3 la experiencia de salir de su tierra en busca de oportunidades, debido a las condiciones del territorio veracruzano, las cuales en ese entonces dificultaban a muchos padres solventar, incluso, la educaci\u00f3n de sus hijos.<\/p>\n\n\n\n<p>\u201cPor eso, el que hoy ustedes puedan ir a visitarlos, es una alegr\u00eda al alma; desde el Estado y la Federaci\u00f3n, seguiremos trabajando para acercar a las familias y, sobre todo, para que no tengamos que irnos de Veracruz, dejando aqu\u00ed a nuestros seres queridos\u201d, expres\u00f3.<\/p>\n\n\n\n<p><strong>#ElVeracruzanoVIP<\/strong><\/p>\n","protected":false},"excerpt":{"rendered":"<p>#Xalapa, #Ver.- A trav\u00e9s del Programa de Reunificaci\u00f3n Familiar\u00a0Con ra\u00edces veracruzanas, el Gobierno del Estado entreg\u00f3 197 visas B1\/B2 a<\/p>\n","protected":false},"author":4,"featured_media":3150,"comment_status":"open","ping_status":"open","sticky":false,"template":"","format":"standard","meta":{"colormag_page_container_layout":"default_layout","colormag_page_sidebar_layout":"default_layout","rop_custom_images_group":[],"rop_custom_messages_group":[],"rop_publish_now":"initial","rop_publish_now_accounts":{"facebook_109133384920963_108472061465099":""},"rop_publish_now_history":[],"rop_publish_now_status":"pending","footnotes":""},"categories":[13],"tags":[17,26,20,18,19,21,23,22],"class_list":["post-3149","post","type-post","status-publish","format-standard","has-post-thumbnail","hentry","category-principales","tag-cuitlahuac-garcia-jimenez","tag-el-veracruzano-vip","tag-enterate","tag-gobierno-del-estado-de-veracruz","tag-redes-sociales","tag-ultima-hora","tag-ultimas-noticias","tag-ultimo-minuto"],"_links":{"self":[{"href":"http:\/\/elveracruzano.vip\/index.php?rest_route=\/wp\/v2\/posts\/3149","targetHints":{"allow":["GET"]}}],"collection":[{"href":"http:\/\/elveracruzano.vip\/index.php?rest_route=\/wp\/v2\/posts"}],"about":[{"href":"http:\/\/elveracruzano.vip\/index.php?rest_route=\/wp\/v2\/types\/post"}],"author":[{"embeddable":true,"href":"http:\/\/elveracruzano.vip\/index.php?rest_route=\/wp\/v2\/users\/4"}],"replies":[{"embeddable":true,"href":"http:\/\/elveracruzano.vip\/index.php?rest_route=%2Fwp%2Fv2%2Fcomments&post=3149"}],"version-history":[{"count":1,"href":"http:\/\/elveracruzano.vip\/index.php?rest_route=\/wp\/v2\/posts\/3149\/revisions"}],"predecessor-version":[{"id":3151,"href":"http:\/\/elveracruzano.vip\/index.php?rest_route=\/wp\/v2\/posts\/3149\/revisions\/3151"}],"wp:featuredmedia":[{"embeddable":true,"href":"http:\/\/elveracruzano.vip\/index.php?rest_route=\/wp\/v2\/media\/3150"}],"wp:attachment":[{"href":"http:\/\/elveracruzano.vip\/index.php?rest_route=%2Fwp%2Fv2%2Fmedia&parent=3149"}],"wp:term":[{"taxonomy":"category","embeddable":true,"href":"http:\/\/elveracruzano.vip\/index.php?rest_route=%2Fwp%2Fv2%2Fcategories&post=3149"},{"taxonomy":"post_tag","embeddable":true,"href":"http:\/\/elveracruzano.vip\/index.php?rest_route=%2Fwp%2Fv2%2Ftags&post=3149"}],"curies":[{"name":"wp","href":"https:\/\/api.w.org\/{rel}","templated":true}]}}