{"id":3117,"date":"2022-07-28T11:45:54","date_gmt":"2022-07-28T16:45:54","guid":{"rendered":"http:\/\/elveracruzano.vip\/?p=3117"},"modified":"2022-07-28T11:45:55","modified_gmt":"2022-07-28T16:45:55","slug":"encabeza-alcalde-jm-unanue-el-tradicional-paseo-acuatico-de-nuestra-senora-santa-ana","status":"publish","type":"post","link":"http:\/\/elveracruzano.vip\/?p=3117","title":{"rendered":"Encabeza Alcalde JM Un\u00e1nue el tradicional paseo acu\u00e1tico de nuestra se\u00f1ora Santa Ana"},"content":{"rendered":"\n<p><strong>#BocaDelR\u00edo, #Ver<\/strong>.- Al finalizar la Misa de los Abuelos, el Alcalde de Boca del R\u00edo, Juan Manuel Un\u00e1nue Abascal, junto a decenas de fieles devotos, autoridades municipales y pescadores, recorrieron las c\u00e9ntricas calles del municipio, acompa\u00f1ando a la imagen de la Patrona Santa Ana para despu\u00e9s abordar las embarcaciones y junto a la \u201cDoncella del Mar\u201d; Pamela Reynolds Vera y el Trit\u00f3n; Johan Enr\u00edquez, realizar el paseo acu\u00e1tico.<\/p>\n\n\n\n<p>Por la ribera, se dirigieron al islote donde se encuentra una representaci\u00f3n de la Patrona de los boque\u00f1os, depositando una ofrenda floral, en espera de una buena temporada de pesca, como lo marca la creencia local.<\/p>\n\n\n\n<p>Todas las lanchas fueron preparadas y adornadas con flores multicolores, para recibir a los creyentes y laicos en busca de mejores tiempos para Boca del R\u00edo.<\/p>\n\n\n\n<p>Por su parte, el Presidente Municipal, Juan Manuel Un\u00e1nue Abascal, dijo que el municipio y sus habitantes se encuentran con los brazos abiertos, para recibir a todos los visitantes que acudir\u00e1n a la Fiesta Patronal.<\/p>\n\n\n\n<p>\u201cTenemos actividades en diferentes puntos de la ciudad durante todo el d\u00eda, va haber mucha afluencia de gente, derrama econ\u00f3mica que es muy importante y sobre todo retomar las fiestas despu\u00e9s de dos a\u00f1os que no se hac\u00eda\u201d, apunt\u00f3.<\/p>\n\n\n\n<p><strong>#ElVeracruzanoVIP<\/strong><\/p>\n","protected":false},"excerpt":{"rendered":"<p>#BocaDelR\u00edo, #Ver.- Al finalizar la Misa de los Abuelos, el Alcalde de Boca del R\u00edo, Juan Manuel Un\u00e1nue Abascal, junto<\/p>\n","protected":false},"author":4,"featured_media":3118,"comment_status":"open","ping_status":"open","sticky":false,"template":"","format":"standard","meta":{"colormag_page_container_layout":"default_layout","colormag_page_sidebar_layout":"default_layout","rop_custom_images_group":[],"rop_custom_messages_group":[],"rop_publish_now":"initial","rop_publish_now_accounts":{"facebook_109133384920963_108472061465099":""},"rop_publish_now_history":[],"rop_publish_now_status":"pending","footnotes":""},"categories":[11],"tags":[35,17,76,26,20,18,34,19,21,23,22],"class_list":["post-3117","post","type-post","status-publish","format-standard","has-post-thumbnail","hentry","category-municipios-destacados","tag-boca-del-rio","tag-cuitlahuac-garcia-jimenez","tag-dif-boca-del-rio","tag-el-veracruzano-vip","tag-enterate","tag-gobierno-del-estado-de-veracruz","tag-juan-manuel-unanue","tag-redes-sociales","tag-ultima-hora","tag-ultimas-noticias","tag-ultimo-minuto"],"_links":{"self":[{"href":"http:\/\/elveracruzano.vip\/index.php?rest_route=\/wp\/v2\/posts\/3117","targetHints":{"allow":["GET"]}}],"collection":[{"href":"http:\/\/elveracruzano.vip\/index.php?rest_route=\/wp\/v2\/posts"}],"about":[{"href":"http:\/\/elveracruzano.vip\/index.php?rest_route=\/wp\/v2\/types\/post"}],"author":[{"embeddable":true,"href":"http:\/\/elveracruzano.vip\/index.php?rest_route=\/wp\/v2\/users\/4"}],"replies":[{"embeddable":true,"href":"http:\/\/elveracruzano.vip\/index.php?rest_route=%2Fwp%2Fv2%2Fcomments&post=3117"}],"version-history":[{"count":1,"href":"http:\/\/elveracruzano.vip\/index.php?rest_route=\/wp\/v2\/posts\/3117\/revisions"}],"predecessor-version":[{"id":3119,"href":"http:\/\/elveracruzano.vip\/index.php?rest_route=\/wp\/v2\/posts\/3117\/revisions\/3119"}],"wp:featuredmedia":[{"embeddable":true,"href":"http:\/\/elveracruzano.vip\/index.php?rest_route=\/wp\/v2\/media\/3118"}],"wp:attachment":[{"href":"http:\/\/elveracruzano.vip\/index.php?rest_route=%2Fwp%2Fv2%2Fmedia&parent=3117"}],"wp:term":[{"taxonomy":"category","embeddable":true,"href":"http:\/\/elveracruzano.vip\/index.php?rest_route=%2Fwp%2Fv2%2Fcategories&post=3117"},{"taxonomy":"post_tag","embeddable":true,"href":"http:\/\/elveracruzano.vip\/index.php?rest_route=%2Fwp%2Fv2%2Ftags&post=3117"}],"curies":[{"name":"wp","href":"https:\/\/api.w.org\/{rel}","templated":true}]}}