{"id":3068,"date":"2022-07-22T11:06:43","date_gmt":"2022-07-22T16:06:43","guid":{"rendered":"http:\/\/elveracruzano.vip\/?p=3068"},"modified":"2022-07-22T11:06:44","modified_gmt":"2022-07-22T16:06:44","slug":"invita-la-alcaldesa-patricia-lobeira-a-participar-en-el-concurso-de-talent-show-veracruz-vive-tu-talento","status":"publish","type":"post","link":"http:\/\/elveracruzano.vip\/?p=3068","title":{"rendered":"Invita la alcaldesa Patricia Lobeira a participar en el concurso de Talent Show \u201cVeracruz, vive tu talento\u201d"},"content":{"rendered":"\n<p><strong>#Veracruz, #Ver<\/strong>.- La alcaldesa Patricia Lobeira de Yunes hace la invitaci\u00f3n a los veracruzanos para participar en el concurso de Talent Show \u201cVeracruz, vive tu talento\u201d, que se realizar\u00e1 en tres categor\u00edas: m\u00fasica, danza y teatro.<\/p>\n\n\n\n<p>Afirm\u00f3 que el objetivo de este concurso es descubrir a todo este talento que se tiene y apoyarlo. \u201cEn Veracruz hay mucho talento, es algo que caracteriza al veracruzano y que se les da a los jarochos de manera natural\u201d, manifest\u00f3.<\/p>\n\n\n\n<p>La alcaldesa Patricia Lobeira de Yunes dijo que los j\u00f3venes necesitan de este espacio y de esta plataforma donde puedan mostrar ese talento que tienen. \u201cEs por eso que en el Ayuntamiento de Veracruz nos estamos preocupando para que existan estas oportunidades, adem\u00e1s de que tambi\u00e9n se llevan un apoyo econ\u00f3mico que tambi\u00e9n es una motivaci\u00f3n para ellos\u201d, a\u00f1adi\u00f3.<\/p>\n\n\n\n<p>Este concurso se compondr\u00e1 de 3 etapas: Inscripci\u00f3n y un video de un minuto; habr\u00e1 3 eliminatorias y una gran final en donde un jurado seleccionar\u00e1 a 3 ganadores. Se le entregar\u00e1 10 mil pesos al primer lugar, 8 mil pesos al segundo lugar y 5 mil pesos al tercer lugar.<\/p>\n\n\n\n<p><strong>#ElVeracruzanoVIP<\/strong><\/p>\n","protected":false},"excerpt":{"rendered":"<p>#Veracruz, #Ver.- La alcaldesa Patricia Lobeira de Yunes hace la invitaci\u00f3n a los veracruzanos para participar en el concurso de<\/p>\n","protected":false},"author":4,"featured_media":3069,"comment_status":"open","ping_status":"open","sticky":false,"template":"","format":"standard","meta":{"colormag_page_container_layout":"default_layout","colormag_page_sidebar_layout":"default_layout","rop_custom_images_group":[],"rop_custom_messages_group":[],"rop_publish_now":"initial","rop_publish_now_accounts":{"facebook_109133384920963_108472061465099":""},"rop_publish_now_history":[],"rop_publish_now_status":"pending","footnotes":""},"categories":[8],"tags":[26,20,18,69,58,19,21,23,22,90],"class_list":["post-3068","post","type-post","status-publish","format-standard","has-post-thumbnail","hentry","category-alcaldesas","tag-el-veracruzano-vip","tag-enterate","tag-gobierno-del-estado-de-veracruz","tag-municipio-de-veracruz","tag-paty-lobeira-de-yunes","tag-redes-sociales","tag-ultima-hora","tag-ultimas-noticias","tag-ultimo-minuto","tag-veracruz-ciudad-y-puerto"],"_links":{"self":[{"href":"http:\/\/elveracruzano.vip\/index.php?rest_route=\/wp\/v2\/posts\/3068","targetHints":{"allow":["GET"]}}],"collection":[{"href":"http:\/\/elveracruzano.vip\/index.php?rest_route=\/wp\/v2\/posts"}],"about":[{"href":"http:\/\/elveracruzano.vip\/index.php?rest_route=\/wp\/v2\/types\/post"}],"author":[{"embeddable":true,"href":"http:\/\/elveracruzano.vip\/index.php?rest_route=\/wp\/v2\/users\/4"}],"replies":[{"embeddable":true,"href":"http:\/\/elveracruzano.vip\/index.php?rest_route=%2Fwp%2Fv2%2Fcomments&post=3068"}],"version-history":[{"count":1,"href":"http:\/\/elveracruzano.vip\/index.php?rest_route=\/wp\/v2\/posts\/3068\/revisions"}],"predecessor-version":[{"id":3070,"href":"http:\/\/elveracruzano.vip\/index.php?rest_route=\/wp\/v2\/posts\/3068\/revisions\/3070"}],"wp:featuredmedia":[{"embeddable":true,"href":"http:\/\/elveracruzano.vip\/index.php?rest_route=\/wp\/v2\/media\/3069"}],"wp:attachment":[{"href":"http:\/\/elveracruzano.vip\/index.php?rest_route=%2Fwp%2Fv2%2Fmedia&parent=3068"}],"wp:term":[{"taxonomy":"category","embeddable":true,"href":"http:\/\/elveracruzano.vip\/index.php?rest_route=%2Fwp%2Fv2%2Fcategories&post=3068"},{"taxonomy":"post_tag","embeddable":true,"href":"http:\/\/elveracruzano.vip\/index.php?rest_route=%2Fwp%2Fv2%2Ftags&post=3068"}],"curies":[{"name":"wp","href":"https:\/\/api.w.org\/{rel}","templated":true}]}}