{"id":3041,"date":"2022-07-20T11:28:00","date_gmt":"2022-07-20T16:28:00","guid":{"rendered":"http:\/\/elveracruzano.vip\/?p=3041"},"modified":"2022-07-20T11:29:08","modified_gmt":"2022-07-20T16:29:08","slug":"refuerza-gobierno-municipal-acciones-para-la-conservacion-del-medio-ambiente","status":"publish","type":"post","link":"http:\/\/elveracruzano.vip\/?p=3041","title":{"rendered":"Refuerza Gobierno Municipal de Minatitl\u00e1n acciones para la conservaci\u00f3n del Medio Ambiente"},"content":{"rendered":"\n<p><strong>#Minatitl\u00e1n, #Ver<\/strong>. &#8211; En el marco del D\u00eda Internacional de la Conservaci\u00f3n del Suelo, el Gobierno Municipal que encabeza la doctora Carmen Medel Palma, se realiz\u00f3 el arranque del programa \u201cPonte las Pilas\u201d, con el objetivo de evitar que este tipo de productos sean arrojados en cualquier dep\u00f3sito de basura.<\/p>\n\n\n\n<p>Una de las principales actividades que se realizaron fue, la capacitaci\u00f3n para los docentes de educaci\u00f3n primaria, secundaria, bachillerato, as\u00ed como de nivel superior, sum\u00e1ndose los l\u00edderes empresariales y de mercados de la zona.<\/p>\n\n\n\n<p>Para Medel Palma es importante dar cumplimiento a las normas ambientales como lo es la NOM 052 SEMARNAT-1993, en la que los residuos de peligrosidad para el ambiente, deben ser manejados y tratados hasta su disposici\u00f3n final de manera responsable.<\/p>\n\n\n\n<p>En esta iniciativa trabaja, de forma coordinada, la Regidur\u00eda D\u00e9cima, a cargo de Blino Hern\u00e1ndez Fern\u00e1ndez, con la comisi\u00f3n de Fomento Forestal, Ecolog\u00eda y Medio Ambiente; quien siempre ha trabajado en pro del bienestar de la ciudadan\u00eda de Minatitl\u00e1n.<\/p>\n\n\n\n<p>#<strong>ElVeracruzanoVIP<\/strong><\/p>\n","protected":false},"excerpt":{"rendered":"<p>#Minatitl\u00e1n, #Ver. &#8211; En el marco del D\u00eda Internacional de la Conservaci\u00f3n del Suelo, el Gobierno Municipal que encabeza la<\/p>\n","protected":false},"author":4,"featured_media":3042,"comment_status":"open","ping_status":"open","sticky":false,"template":"","format":"standard","meta":{"colormag_page_container_layout":"default_layout","colormag_page_sidebar_layout":"default_layout","rop_custom_images_group":[],"rop_custom_messages_group":[],"rop_publish_now":"initial","rop_publish_now_accounts":{"facebook_109133384920963_108472061465099":""},"rop_publish_now_history":[],"rop_publish_now_status":"pending","footnotes":""},"categories":[8],"tags":[80,26,20,18,39,19,21,23,22],"class_list":["post-3041","post","type-post","status-publish","format-standard","has-post-thumbnail","hentry","category-alcaldesas","tag-carmen-medel-palma","tag-el-veracruzano-vip","tag-enterate","tag-gobierno-del-estado-de-veracruz","tag-minatitlan","tag-redes-sociales","tag-ultima-hora","tag-ultimas-noticias","tag-ultimo-minuto"],"_links":{"self":[{"href":"http:\/\/elveracruzano.vip\/index.php?rest_route=\/wp\/v2\/posts\/3041","targetHints":{"allow":["GET"]}}],"collection":[{"href":"http:\/\/elveracruzano.vip\/index.php?rest_route=\/wp\/v2\/posts"}],"about":[{"href":"http:\/\/elveracruzano.vip\/index.php?rest_route=\/wp\/v2\/types\/post"}],"author":[{"embeddable":true,"href":"http:\/\/elveracruzano.vip\/index.php?rest_route=\/wp\/v2\/users\/4"}],"replies":[{"embeddable":true,"href":"http:\/\/elveracruzano.vip\/index.php?rest_route=%2Fwp%2Fv2%2Fcomments&post=3041"}],"version-history":[{"count":3,"href":"http:\/\/elveracruzano.vip\/index.php?rest_route=\/wp\/v2\/posts\/3041\/revisions"}],"predecessor-version":[{"id":3045,"href":"http:\/\/elveracruzano.vip\/index.php?rest_route=\/wp\/v2\/posts\/3041\/revisions\/3045"}],"wp:featuredmedia":[{"embeddable":true,"href":"http:\/\/elveracruzano.vip\/index.php?rest_route=\/wp\/v2\/media\/3042"}],"wp:attachment":[{"href":"http:\/\/elveracruzano.vip\/index.php?rest_route=%2Fwp%2Fv2%2Fmedia&parent=3041"}],"wp:term":[{"taxonomy":"category","embeddable":true,"href":"http:\/\/elveracruzano.vip\/index.php?rest_route=%2Fwp%2Fv2%2Fcategories&post=3041"},{"taxonomy":"post_tag","embeddable":true,"href":"http:\/\/elveracruzano.vip\/index.php?rest_route=%2Fwp%2Fv2%2Ftags&post=3041"}],"curies":[{"name":"wp","href":"https:\/\/api.w.org\/{rel}","templated":true}]}}