{"id":3021,"date":"2022-07-20T11:11:27","date_gmt":"2022-07-20T16:11:27","guid":{"rendered":"http:\/\/elveracruzano.vip\/?p=3021"},"modified":"2022-07-20T11:11:28","modified_gmt":"2022-07-20T16:11:28","slug":"plan-de-salud-para-el-bienestar-nacionalizara-el-sistema-asegura-presidente","status":"publish","type":"post","link":"http:\/\/elveracruzano.vip\/?p=3021","title":{"rendered":"Plan de Salud para el Bienestar nacionalizar\u00e1 el sistema, asegura presidente"},"content":{"rendered":"\n<p><strong>#GobiernoDeM\u00e9xico<\/strong>.- El Plan de Salud para el Bienestar que lleva a cabo el Gobierno de la Cuarta Transformaci\u00f3n, tiene el objetivo de nacionalizar el sistema, regresarlo a lo p\u00fablico, afirm\u00f3 el presidente Andr\u00e9s Manuel L\u00f3pez Obrador.<\/p>\n\n\n\n<p>\u201cEsto que estamos haciendo con la salud p\u00fablica tiene que ver con los que no tienen seguridad social. (\u2026) Vamos avanzando y el prop\u00f3sito es que el a\u00f1o pr\u00f3ximo ya tengamos un sistema de salud p\u00fablica de primera en todo el pa\u00eds. Estamos consiguiendo los m\u00e9dicos; rehabilitando centros de salud, hospitales; equipando, abasteciendo centros de salud, hospitales con medicamentos; que se garantice el derecho constitucional a la salud a todo el pueblo\u201d, subray\u00f3.<\/p>\n\n\n\n<p>En conferencia de prensa matutina, el mandatario record\u00f3 que en sexenios anteriores se subrogaron los servicios en el sector; la formaci\u00f3n de m\u00e9dicos generales y especialistas estaba rezagada y las unidades m\u00e9dicas se encontraban en condiciones deplorables y carec\u00edan de medicamentos.<\/p>\n\n\n\n<p>\u201cLlegaron al extremo de inaugurar hospitales sin equipos, la fachada. (&#8230;) Nos quedamos sin m\u00e9dicos, no se prepararon m\u00e9dicos y tenemos un d\u00e9ficit de m\u00e9dicos generales y especialistas. Ahora tenemos las plazas, las vacantes, pero no hay postulantes, un da\u00f1o terrible, tremendo a la salud p\u00fablica, entonces estamos levantando el sistema de salud p\u00fablica\u201d remarc\u00f3.<\/p>\n\n\n\n<p><strong>#ElVeracruzanoVIP<\/strong><\/p>\n","protected":false},"excerpt":{"rendered":"<p>#GobiernoDeM\u00e9xico.- El Plan de Salud para el Bienestar que lleva a cabo el Gobierno de la Cuarta Transformaci\u00f3n, tiene el<\/p>\n","protected":false},"author":4,"featured_media":3022,"comment_status":"open","ping_status":"open","sticky":false,"template":"","format":"standard","meta":{"colormag_page_container_layout":"default_layout","colormag_page_sidebar_layout":"default_layout","rop_custom_images_group":[],"rop_custom_messages_group":[],"rop_publish_now":"initial","rop_publish_now_accounts":{"facebook_109133384920963_108472061465099":""},"rop_publish_now_history":[],"rop_publish_now_status":"pending","footnotes":""},"categories":[13],"tags":[45,26,20,29,18,19,21,23,22],"class_list":["post-3021","post","type-post","status-publish","format-standard","has-post-thumbnail","hentry","category-principales","tag-amlo","tag-el-veracruzano-vip","tag-enterate","tag-gobierno-de-mexico","tag-gobierno-del-estado-de-veracruz","tag-redes-sociales","tag-ultima-hora","tag-ultimas-noticias","tag-ultimo-minuto"],"_links":{"self":[{"href":"http:\/\/elveracruzano.vip\/index.php?rest_route=\/wp\/v2\/posts\/3021","targetHints":{"allow":["GET"]}}],"collection":[{"href":"http:\/\/elveracruzano.vip\/index.php?rest_route=\/wp\/v2\/posts"}],"about":[{"href":"http:\/\/elveracruzano.vip\/index.php?rest_route=\/wp\/v2\/types\/post"}],"author":[{"embeddable":true,"href":"http:\/\/elveracruzano.vip\/index.php?rest_route=\/wp\/v2\/users\/4"}],"replies":[{"embeddable":true,"href":"http:\/\/elveracruzano.vip\/index.php?rest_route=%2Fwp%2Fv2%2Fcomments&post=3021"}],"version-history":[{"count":1,"href":"http:\/\/elveracruzano.vip\/index.php?rest_route=\/wp\/v2\/posts\/3021\/revisions"}],"predecessor-version":[{"id":3023,"href":"http:\/\/elveracruzano.vip\/index.php?rest_route=\/wp\/v2\/posts\/3021\/revisions\/3023"}],"wp:featuredmedia":[{"embeddable":true,"href":"http:\/\/elveracruzano.vip\/index.php?rest_route=\/wp\/v2\/media\/3022"}],"wp:attachment":[{"href":"http:\/\/elveracruzano.vip\/index.php?rest_route=%2Fwp%2Fv2%2Fmedia&parent=3021"}],"wp:term":[{"taxonomy":"category","embeddable":true,"href":"http:\/\/elveracruzano.vip\/index.php?rest_route=%2Fwp%2Fv2%2Fcategories&post=3021"},{"taxonomy":"post_tag","embeddable":true,"href":"http:\/\/elveracruzano.vip\/index.php?rest_route=%2Fwp%2Fv2%2Ftags&post=3021"}],"curies":[{"name":"wp","href":"https:\/\/api.w.org\/{rel}","templated":true}]}}