{"id":2882,"date":"2022-07-06T11:11:44","date_gmt":"2022-07-06T16:11:44","guid":{"rendered":"http:\/\/elveracruzano.vip\/?p=2882"},"modified":"2022-07-06T11:11:44","modified_gmt":"2022-07-06T16:11:44","slug":"carmen-medel-atiende-solicitudes-de-ejidatarios-de-tatahuicapan-como-parte-del-convenio-por-el-agua-potable","status":"publish","type":"post","link":"http:\/\/elveracruzano.vip\/?p=2882","title":{"rendered":"Carmen Medel atiende solicitudes de ejidatarios de Tatahuicapan, c\u00f3mo parte del convenio por el agua potable"},"content":{"rendered":"\n<p><strong>#Minatitl\u00e1n, #Ver<\/strong>. \u2013 Como parte de la agenda de trabajo de la presidenta municipal, Carmen Medel Palma; se reuni\u00f3 con autoridades municipales y ejidatarios de Tatahuicapan de Ju\u00e1rez; con el objetivo de contribuir y apoyar el proyecto San Gabriel.<\/p>\n\n\n\n<p>La reuni\u00f3n tuvo el objetivo de analizar y llegar a acuerdos para el bien com\u00fan de la ciudadan\u00eda; adem\u00e1s, de fortalecer lazos que permitan el desarrollo del municipio.<\/p>\n\n\n\n<p>De esta manera es como continuar\u00e1n con el proyecto San Gabriel, el cual consta de introducci\u00f3n de agua potable de 8 kil\u00f3metros, y es que para Medel Palma es importante garantizar servicios de primera a los pobladores del Municipio Minatitleco, quienes dependen de la presa Yuribia en el abastecimiento del vital l\u00edquido.<\/p>\n\n\n\n<p>Ante esto se hace hincapi\u00e9 que la mun\u00edcipe, es la primera autoridad en reunirse con los pobladores de la zona para trabajar de forma coordinada y adem\u00e1s de respaldar los proyectos que har\u00e1n que Minatitl\u00e1n sea un municipio que brinde una vida digna a los habitantes.<\/p>\n\n\n\n<p><strong>#ElVeracruzanoVIP<\/strong><\/p>\n","protected":false},"excerpt":{"rendered":"<p>#Minatitl\u00e1n, #Ver. \u2013 Como parte de la agenda de trabajo de la presidenta municipal, Carmen Medel Palma; se reuni\u00f3 con<\/p>\n","protected":false},"author":4,"featured_media":2883,"comment_status":"open","ping_status":"open","sticky":false,"template":"","format":"standard","meta":{"colormag_page_container_layout":"default_layout","colormag_page_sidebar_layout":"default_layout","rop_custom_images_group":[],"rop_custom_messages_group":[],"rop_publish_now":"initial","rop_publish_now_accounts":{"facebook_109133384920963_108472061465099":""},"rop_publish_now_history":[],"rop_publish_now_status":"pending","footnotes":""},"categories":[8],"tags":[80,17,26,20,18,39,19,21,23,22],"class_list":["post-2882","post","type-post","status-publish","format-standard","has-post-thumbnail","hentry","category-alcaldesas","tag-carmen-medel-palma","tag-cuitlahuac-garcia-jimenez","tag-el-veracruzano-vip","tag-enterate","tag-gobierno-del-estado-de-veracruz","tag-minatitlan","tag-redes-sociales","tag-ultima-hora","tag-ultimas-noticias","tag-ultimo-minuto"],"_links":{"self":[{"href":"http:\/\/elveracruzano.vip\/index.php?rest_route=\/wp\/v2\/posts\/2882","targetHints":{"allow":["GET"]}}],"collection":[{"href":"http:\/\/elveracruzano.vip\/index.php?rest_route=\/wp\/v2\/posts"}],"about":[{"href":"http:\/\/elveracruzano.vip\/index.php?rest_route=\/wp\/v2\/types\/post"}],"author":[{"embeddable":true,"href":"http:\/\/elveracruzano.vip\/index.php?rest_route=\/wp\/v2\/users\/4"}],"replies":[{"embeddable":true,"href":"http:\/\/elveracruzano.vip\/index.php?rest_route=%2Fwp%2Fv2%2Fcomments&post=2882"}],"version-history":[{"count":1,"href":"http:\/\/elveracruzano.vip\/index.php?rest_route=\/wp\/v2\/posts\/2882\/revisions"}],"predecessor-version":[{"id":2884,"href":"http:\/\/elveracruzano.vip\/index.php?rest_route=\/wp\/v2\/posts\/2882\/revisions\/2884"}],"wp:featuredmedia":[{"embeddable":true,"href":"http:\/\/elveracruzano.vip\/index.php?rest_route=\/wp\/v2\/media\/2883"}],"wp:attachment":[{"href":"http:\/\/elveracruzano.vip\/index.php?rest_route=%2Fwp%2Fv2%2Fmedia&parent=2882"}],"wp:term":[{"taxonomy":"category","embeddable":true,"href":"http:\/\/elveracruzano.vip\/index.php?rest_route=%2Fwp%2Fv2%2Fcategories&post=2882"},{"taxonomy":"post_tag","embeddable":true,"href":"http:\/\/elveracruzano.vip\/index.php?rest_route=%2Fwp%2Fv2%2Ftags&post=2882"}],"curies":[{"name":"wp","href":"https:\/\/api.w.org\/{rel}","templated":true}]}}