{"id":2781,"date":"2022-06-27T19:19:55","date_gmt":"2022-06-28T00:19:55","guid":{"rendered":"http:\/\/elveracruzano.vip\/?p=2781"},"modified":"2022-06-27T19:19:55","modified_gmt":"2022-06-28T00:19:55","slug":"presidente-recibe-en-palacio-nacional-al-basquetbolista-juan-toscano-anderson-campeon-de-la-nba","status":"publish","type":"post","link":"http:\/\/elveracruzano.vip\/?p=2781","title":{"rendered":"Presidente recibe en Palacio Nacional al basquetbolista Juan Toscano Anderson, campe\u00f3n de la NBA"},"content":{"rendered":"\n<p><strong>#GobiernoDeM\u00e9xico<\/strong>.- El presidente Andr\u00e9s Manuel L\u00f3pez Obrador recibi\u00f3 en Palacio Nacional a Juan Toscano Anderson, integrante del equipo Guerreros de Golden State de San Francisco, California, y recientemente campe\u00f3n de la NBA.<\/p>\n\n\n\n<p>\u201cLe agradec\u00ed en nombre de nuestro pueblo que la noche en la que triunfaron, el 16 de junio, celebr\u00f3 portando nuestra bandera\u201d, destac\u00f3 el mandatario en sus redes sociales.<\/p>\n\n\n\n<p>En un video resalt\u00f3 que el jugador de 29 a\u00f1os \u201cno olvida el origen de su familia y eso lo agradecemos mucho. Un saludo a todos tus familiares mexicanos y estadounidenses. Por eso hay que mantener la unidad de nuestros pueblos; es muy importante\u201d, expres\u00f3.<\/p>\n\n\n\n<p>El primer mexicano en ganar un campeonato de la NBA se\u00f1al\u00f3 que es un honor representar al pa\u00eds en el m\u00e1s alto nivel del b\u00e1squetbol.<\/p>\n\n\n\n<p>\u201cQuiero a M\u00e9xico, quiero a toda la gente de M\u00e9xico. Gracias por el apoyo y \u00a1que viva M\u00e9xico!\u201d, mencion\u00f3 Juan Toscano.<\/p>\n\n\n\n<p><strong>#ElVeracruzanoVIP<\/strong><\/p>\n","protected":false},"excerpt":{"rendered":"<p>#GobiernoDeM\u00e9xico.- El presidente Andr\u00e9s Manuel L\u00f3pez Obrador recibi\u00f3 en Palacio Nacional a Juan Toscano Anderson, integrante del equipo Guerreros de<\/p>\n","protected":false},"author":4,"featured_media":2782,"comment_status":"open","ping_status":"open","sticky":false,"template":"","format":"standard","meta":{"colormag_page_container_layout":"default_layout","colormag_page_sidebar_layout":"default_layout","rop_custom_images_group":[],"rop_custom_messages_group":[],"rop_publish_now":"initial","rop_publish_now_accounts":{"facebook_109133384920963_108472061465099":""},"rop_publish_now_history":[],"rop_publish_now_status":"pending","footnotes":""},"categories":[13],"tags":[45,26,20,29,19,21,23,22],"class_list":["post-2781","post","type-post","status-publish","format-standard","has-post-thumbnail","hentry","category-principales","tag-amlo","tag-el-veracruzano-vip","tag-enterate","tag-gobierno-de-mexico","tag-redes-sociales","tag-ultima-hora","tag-ultimas-noticias","tag-ultimo-minuto"],"_links":{"self":[{"href":"http:\/\/elveracruzano.vip\/index.php?rest_route=\/wp\/v2\/posts\/2781","targetHints":{"allow":["GET"]}}],"collection":[{"href":"http:\/\/elveracruzano.vip\/index.php?rest_route=\/wp\/v2\/posts"}],"about":[{"href":"http:\/\/elveracruzano.vip\/index.php?rest_route=\/wp\/v2\/types\/post"}],"author":[{"embeddable":true,"href":"http:\/\/elveracruzano.vip\/index.php?rest_route=\/wp\/v2\/users\/4"}],"replies":[{"embeddable":true,"href":"http:\/\/elveracruzano.vip\/index.php?rest_route=%2Fwp%2Fv2%2Fcomments&post=2781"}],"version-history":[{"count":1,"href":"http:\/\/elveracruzano.vip\/index.php?rest_route=\/wp\/v2\/posts\/2781\/revisions"}],"predecessor-version":[{"id":2783,"href":"http:\/\/elveracruzano.vip\/index.php?rest_route=\/wp\/v2\/posts\/2781\/revisions\/2783"}],"wp:featuredmedia":[{"embeddable":true,"href":"http:\/\/elveracruzano.vip\/index.php?rest_route=\/wp\/v2\/media\/2782"}],"wp:attachment":[{"href":"http:\/\/elveracruzano.vip\/index.php?rest_route=%2Fwp%2Fv2%2Fmedia&parent=2781"}],"wp:term":[{"taxonomy":"category","embeddable":true,"href":"http:\/\/elveracruzano.vip\/index.php?rest_route=%2Fwp%2Fv2%2Fcategories&post=2781"},{"taxonomy":"post_tag","embeddable":true,"href":"http:\/\/elveracruzano.vip\/index.php?rest_route=%2Fwp%2Fv2%2Ftags&post=2781"}],"curies":[{"name":"wp","href":"https:\/\/api.w.org\/{rel}","templated":true}]}}