{"id":2749,"date":"2022-06-22T10:39:58","date_gmt":"2022-06-22T15:39:58","guid":{"rendered":"http:\/\/elveracruzano.vip\/?p=2749"},"modified":"2022-06-22T10:39:58","modified_gmt":"2022-06-22T15:39:58","slug":"capacitan-en-coatepec-sobre-la-mercadotecnia-y-posicionamiento-de-productos-y-servicios","status":"publish","type":"post","link":"http:\/\/elveracruzano.vip\/?p=2749","title":{"rendered":"Capacitan en Coatepec sobre la \u201cMercadotecnia y posicionamiento de productos y servicios\u201d"},"content":{"rendered":"\n<p><strong>#Coatepec, #Ver<\/strong>.- El H. Ayuntamiento de Coatepec, que preside el alcalde Raymundo Andrade Rivera, a trav\u00e9s del Instituto Municipal de la Mujer Coatepecana en coordinaci\u00f3n con la Secretar\u00eda del Trabajo, Previsi\u00f3n Social y Productividad, llevaron a cabo la capacitaci\u00f3n gratuita sobre \u201cMercadotecnia y posicionamiento de productos y servicios al p\u00fablico en general\u201d.<\/p>\n\n\n\n<p>Con estas acciones, en Coatepec buscan el desarrollo econ\u00f3mico y productivo de las personas por medio de la capacitaci\u00f3n.<\/p>\n\n\n\n<figure class=\"wp-block-image aligncenter size-large is-resized\"><img loading=\"lazy\" decoding=\"async\" src=\"http:\/\/elveracruzano.vip\/wp-content\/uploads\/2022\/06\/coa2-3-1024x683.jpg\" alt=\"\" class=\"wp-image-2750\" width=\"521\" height=\"348\" srcset=\"http:\/\/elveracruzano.vip\/wp-content\/uploads\/2022\/06\/coa2-3-1024x683.jpg 1024w, http:\/\/elveracruzano.vip\/wp-content\/uploads\/2022\/06\/coa2-3-300x200.jpg 300w, http:\/\/elveracruzano.vip\/wp-content\/uploads\/2022\/06\/coa2-3-768x512.jpg 768w, http:\/\/elveracruzano.vip\/wp-content\/uploads\/2022\/06\/coa2-3-1536x1024.jpg 1536w, http:\/\/elveracruzano.vip\/wp-content\/uploads\/2022\/06\/coa2-3-600x400.jpg 600w, http:\/\/elveracruzano.vip\/wp-content\/uploads\/2022\/06\/coa2-3.jpg 2048w\" sizes=\"auto, (max-width: 521px) 100vw, 521px\" \/><\/figure>\n\n\n\n<p><strong>#ElVeracruzanoVIP<\/strong><\/p>\n","protected":false},"excerpt":{"rendered":"<p>#Coatepec, #Ver.- El H. Ayuntamiento de Coatepec, que preside el alcalde Raymundo Andrade Rivera, a trav\u00e9s del Instituto Municipal de<\/p>\n","protected":false},"author":4,"featured_media":2751,"comment_status":"open","ping_status":"open","sticky":false,"template":"","format":"standard","meta":{"colormag_page_container_layout":"default_layout","colormag_page_sidebar_layout":"default_layout","rop_custom_images_group":[],"rop_custom_messages_group":[],"rop_publish_now":"initial","rop_publish_now_accounts":{"facebook_109133384920963_108472061465099":""},"rop_publish_now_history":[],"rop_publish_now_status":"pending","footnotes":""},"categories":[10],"tags":[17,50,26,20,18,83,73,19,21,23,22],"class_list":["post-2749","post","type-post","status-publish","format-standard","has-post-thumbnail","hentry","category-municipios","tag-cuitlahuac-garcia-jimenez","tag-dif-coatepec","tag-el-veracruzano-vip","tag-enterate","tag-gobierno-del-estado-de-veracruz","tag-gobierno-municipal-de-coatepec","tag-raymundo-andrade-rivera","tag-redes-sociales","tag-ultima-hora","tag-ultimas-noticias","tag-ultimo-minuto"],"_links":{"self":[{"href":"http:\/\/elveracruzano.vip\/index.php?rest_route=\/wp\/v2\/posts\/2749","targetHints":{"allow":["GET"]}}],"collection":[{"href":"http:\/\/elveracruzano.vip\/index.php?rest_route=\/wp\/v2\/posts"}],"about":[{"href":"http:\/\/elveracruzano.vip\/index.php?rest_route=\/wp\/v2\/types\/post"}],"author":[{"embeddable":true,"href":"http:\/\/elveracruzano.vip\/index.php?rest_route=\/wp\/v2\/users\/4"}],"replies":[{"embeddable":true,"href":"http:\/\/elveracruzano.vip\/index.php?rest_route=%2Fwp%2Fv2%2Fcomments&post=2749"}],"version-history":[{"count":1,"href":"http:\/\/elveracruzano.vip\/index.php?rest_route=\/wp\/v2\/posts\/2749\/revisions"}],"predecessor-version":[{"id":2752,"href":"http:\/\/elveracruzano.vip\/index.php?rest_route=\/wp\/v2\/posts\/2749\/revisions\/2752"}],"wp:featuredmedia":[{"embeddable":true,"href":"http:\/\/elveracruzano.vip\/index.php?rest_route=\/wp\/v2\/media\/2751"}],"wp:attachment":[{"href":"http:\/\/elveracruzano.vip\/index.php?rest_route=%2Fwp%2Fv2%2Fmedia&parent=2749"}],"wp:term":[{"taxonomy":"category","embeddable":true,"href":"http:\/\/elveracruzano.vip\/index.php?rest_route=%2Fwp%2Fv2%2Fcategories&post=2749"},{"taxonomy":"post_tag","embeddable":true,"href":"http:\/\/elveracruzano.vip\/index.php?rest_route=%2Fwp%2Fv2%2Ftags&post=2749"}],"curies":[{"name":"wp","href":"https:\/\/api.w.org\/{rel}","templated":true}]}}