{"id":2498,"date":"2022-05-27T12:47:00","date_gmt":"2022-05-27T17:47:00","guid":{"rendered":"http:\/\/elveracruzano.vip\/?p=2498"},"modified":"2022-05-27T12:47:01","modified_gmt":"2022-05-27T17:47:01","slug":"no-cambiaremos-estrategia-de-seguridad-al-contrario-se-ha-avanzado-y-vamos-a-avanzar-mas-presidente","status":"publish","type":"post","link":"http:\/\/elveracruzano.vip\/?p=2498","title":{"rendered":"No cambiaremos estrategia de seguridad, al contrario; se ha avanzado y vamos a avanzar m\u00e1s: presidente"},"content":{"rendered":"\n<p><strong>#GobiernoDeM\u00e9xico<\/strong>.- Tras descartar un cambio en la estrategia de seguridad del gobierno federal, el presidente Andr\u00e9s Manuel L\u00f3pez Obrador afirm\u00f3 que existen avances, a pesar de que se trata de un problema complejo y heredado que se abandon\u00f3 durante mucho tiempo.<\/p>\n\n\n\n<p>\u201cLo que no se hizo se arraig\u00f3 y ahora estamos padeciendo los polvos de aquellos lodos. Y es un proceso que lleva tiempo, pero ya se est\u00e1n viendo los resultados.\u201d<\/p>\n\n\n\n<p>El primer mandatario record\u00f3 que este gobierno detuvo la tendencia al alza de homicidios y ya se registra disminuci\u00f3n de 17.1 por ciento, siendo el mes de abril m\u00e1s bajo en cinco a\u00f1os, considerando que la tendencia de crecimiento anual en otros gobiernos super\u00f3 20 por ciento.<\/p>\n\n\n\n<p>De acuerdo con datos del Secretariado Ejecutivo del Sistema Nacional de Seguridad P\u00fablica (SESNSP), en 2016 el delito de homicidio doloso aument\u00f3 16.4 por ciento respecto al a\u00f1o anterior; en 2017 aument\u00f3 32.7 por ciento; y en 2018 creci\u00f3 23 por ciento.<\/p>\n\n\n\n<p><strong>#ElVeracruzanoVIP<\/strong><\/p>\n","protected":false},"excerpt":{"rendered":"<p>#GobiernoDeM\u00e9xico.- Tras descartar un cambio en la estrategia de seguridad del gobierno federal, el presidente Andr\u00e9s Manuel L\u00f3pez Obrador afirm\u00f3<\/p>\n","protected":false},"author":4,"featured_media":2499,"comment_status":"open","ping_status":"open","sticky":false,"template":"","format":"standard","meta":{"colormag_page_container_layout":"default_layout","colormag_page_sidebar_layout":"default_layout","rop_custom_images_group":[],"rop_custom_messages_group":[],"rop_publish_now":"initial","rop_publish_now_accounts":{"facebook_109133384920963_108472061465099":""},"rop_publish_now_history":[],"rop_publish_now_status":"pending","footnotes":""},"categories":[13],"tags":[45,26,20,29,19,21,23,22],"class_list":["post-2498","post","type-post","status-publish","format-standard","has-post-thumbnail","hentry","category-principales","tag-amlo","tag-el-veracruzano-vip","tag-enterate","tag-gobierno-de-mexico","tag-redes-sociales","tag-ultima-hora","tag-ultimas-noticias","tag-ultimo-minuto"],"_links":{"self":[{"href":"http:\/\/elveracruzano.vip\/index.php?rest_route=\/wp\/v2\/posts\/2498","targetHints":{"allow":["GET"]}}],"collection":[{"href":"http:\/\/elveracruzano.vip\/index.php?rest_route=\/wp\/v2\/posts"}],"about":[{"href":"http:\/\/elveracruzano.vip\/index.php?rest_route=\/wp\/v2\/types\/post"}],"author":[{"embeddable":true,"href":"http:\/\/elveracruzano.vip\/index.php?rest_route=\/wp\/v2\/users\/4"}],"replies":[{"embeddable":true,"href":"http:\/\/elveracruzano.vip\/index.php?rest_route=%2Fwp%2Fv2%2Fcomments&post=2498"}],"version-history":[{"count":1,"href":"http:\/\/elveracruzano.vip\/index.php?rest_route=\/wp\/v2\/posts\/2498\/revisions"}],"predecessor-version":[{"id":2500,"href":"http:\/\/elveracruzano.vip\/index.php?rest_route=\/wp\/v2\/posts\/2498\/revisions\/2500"}],"wp:featuredmedia":[{"embeddable":true,"href":"http:\/\/elveracruzano.vip\/index.php?rest_route=\/wp\/v2\/media\/2499"}],"wp:attachment":[{"href":"http:\/\/elveracruzano.vip\/index.php?rest_route=%2Fwp%2Fv2%2Fmedia&parent=2498"}],"wp:term":[{"taxonomy":"category","embeddable":true,"href":"http:\/\/elveracruzano.vip\/index.php?rest_route=%2Fwp%2Fv2%2Fcategories&post=2498"},{"taxonomy":"post_tag","embeddable":true,"href":"http:\/\/elveracruzano.vip\/index.php?rest_route=%2Fwp%2Fv2%2Ftags&post=2498"}],"curies":[{"name":"wp","href":"https:\/\/api.w.org\/{rel}","templated":true}]}}