{"id":2491,"date":"2022-05-25T09:59:28","date_gmt":"2022-05-25T14:59:28","guid":{"rendered":"http:\/\/elveracruzano.vip\/?p=2491"},"modified":"2022-05-25T09:59:29","modified_gmt":"2022-05-25T14:59:29","slug":"realizan-en-coatepec-reunion-de-trabajo-con-artesanos-y-productores-locales","status":"publish","type":"post","link":"http:\/\/elveracruzano.vip\/?p=2491","title":{"rendered":"Realizan en Coatepec, reuni\u00f3n de trabajo con artesanos y productores locales"},"content":{"rendered":"\n<p><strong>#Coatepec, #Ver.<\/strong>&#8211; El H. Ayuntamiento de Coatepec, presidido por el Ing. Raymundo Andrade Rivera en coordinaci\u00f3n con la Regidur\u00eda Tercera a trav\u00e9s de la Direcci\u00f3n de Comercio y Desarrollo Econ\u00f3mico, llevaron a cabo la reuni\u00f3n de trabajo con artesanas, artesanos y productores coatepecanos.<\/p>\n\n\n\n<p>Con la finalidad de incentivar el turismo y el desarrollo econ\u00f3mico local, el municipio estar\u00e1 instalando en bajos del palacio municipal el Pabell\u00f3n Cultural los d\u00edas s\u00e1bados y domingos en horario de 10 a 19 hrs.<\/p>\n\n\n\n<p>Con estas acciones logramos que los turistas conozcan Coatepec e incentivamos la venta de los productos de nuestra regi\u00f3n, asegur\u00f3 el ayuntamiento.<\/p>\n\n\n\n<figure class=\"wp-block-image aligncenter size-large is-resized\"><img loading=\"lazy\" decoding=\"async\" src=\"http:\/\/elveracruzano.vip\/wp-content\/uploads\/2022\/05\/coa-5-1024x683.jpg\" alt=\"\" class=\"wp-image-2492\" width=\"531\" height=\"354\" srcset=\"http:\/\/elveracruzano.vip\/wp-content\/uploads\/2022\/05\/coa-5-1024x683.jpg 1024w, http:\/\/elveracruzano.vip\/wp-content\/uploads\/2022\/05\/coa-5-300x200.jpg 300w, http:\/\/elveracruzano.vip\/wp-content\/uploads\/2022\/05\/coa-5-768x512.jpg 768w, http:\/\/elveracruzano.vip\/wp-content\/uploads\/2022\/05\/coa-5-1536x1024.jpg 1536w, http:\/\/elveracruzano.vip\/wp-content\/uploads\/2022\/05\/coa-5-600x400.jpg 600w, http:\/\/elveracruzano.vip\/wp-content\/uploads\/2022\/05\/coa-5.jpg 2048w\" sizes=\"auto, (max-width: 531px) 100vw, 531px\" \/><\/figure>\n\n\n\n<p><strong>#ElVeracruzanoVip<\/strong><\/p>\n","protected":false},"excerpt":{"rendered":"<p>#Coatepec, #Ver.&#8211; El H. Ayuntamiento de Coatepec, presidido por el Ing. Raymundo Andrade Rivera en coordinaci\u00f3n con la Regidur\u00eda Tercera<\/p>\n","protected":false},"author":4,"featured_media":2493,"comment_status":"open","ping_status":"open","sticky":false,"template":"","format":"standard","meta":{"colormag_page_container_layout":"default_layout","colormag_page_sidebar_layout":"default_layout","rop_custom_images_group":[],"rop_custom_messages_group":[],"rop_publish_now":"initial","rop_publish_now_accounts":{"facebook_109133384920963_108472061465099":""},"rop_publish_now_history":[],"rop_publish_now_status":"pending","footnotes":""},"categories":[10],"tags":[40,17,50,26,20,18,73,19,21,23,22],"class_list":["post-2491","post","type-post","status-publish","format-standard","has-post-thumbnail","hentry","category-municipios","tag-coatepec","tag-cuitlahuac-garcia-jimenez","tag-dif-coatepec","tag-el-veracruzano-vip","tag-enterate","tag-gobierno-del-estado-de-veracruz","tag-raymundo-andrade-rivera","tag-redes-sociales","tag-ultima-hora","tag-ultimas-noticias","tag-ultimo-minuto"],"_links":{"self":[{"href":"http:\/\/elveracruzano.vip\/index.php?rest_route=\/wp\/v2\/posts\/2491","targetHints":{"allow":["GET"]}}],"collection":[{"href":"http:\/\/elveracruzano.vip\/index.php?rest_route=\/wp\/v2\/posts"}],"about":[{"href":"http:\/\/elveracruzano.vip\/index.php?rest_route=\/wp\/v2\/types\/post"}],"author":[{"embeddable":true,"href":"http:\/\/elveracruzano.vip\/index.php?rest_route=\/wp\/v2\/users\/4"}],"replies":[{"embeddable":true,"href":"http:\/\/elveracruzano.vip\/index.php?rest_route=%2Fwp%2Fv2%2Fcomments&post=2491"}],"version-history":[{"count":1,"href":"http:\/\/elveracruzano.vip\/index.php?rest_route=\/wp\/v2\/posts\/2491\/revisions"}],"predecessor-version":[{"id":2494,"href":"http:\/\/elveracruzano.vip\/index.php?rest_route=\/wp\/v2\/posts\/2491\/revisions\/2494"}],"wp:featuredmedia":[{"embeddable":true,"href":"http:\/\/elveracruzano.vip\/index.php?rest_route=\/wp\/v2\/media\/2493"}],"wp:attachment":[{"href":"http:\/\/elveracruzano.vip\/index.php?rest_route=%2Fwp%2Fv2%2Fmedia&parent=2491"}],"wp:term":[{"taxonomy":"category","embeddable":true,"href":"http:\/\/elveracruzano.vip\/index.php?rest_route=%2Fwp%2Fv2%2Fcategories&post=2491"},{"taxonomy":"post_tag","embeddable":true,"href":"http:\/\/elveracruzano.vip\/index.php?rest_route=%2Fwp%2Fv2%2Ftags&post=2491"}],"curies":[{"name":"wp","href":"https:\/\/api.w.org\/{rel}","templated":true}]}}