{"id":2448,"date":"2022-05-23T10:16:12","date_gmt":"2022-05-23T15:16:12","guid":{"rendered":"http:\/\/elveracruzano.vip\/?p=2448"},"modified":"2022-05-23T10:16:12","modified_gmt":"2022-05-23T15:16:12","slug":"con-la-entrega-de-titulos-a-ejidatarios-veracruz-le-cumple-al-movimiento-agrarista","status":"publish","type":"post","link":"http:\/\/elveracruzano.vip\/?p=2448","title":{"rendered":"Con la entrega de t\u00edtulos a ejidatarios, Veracruz le cumple al movimiento agrarista"},"content":{"rendered":"\n<p><strong>#\u00darsuloGalv\u00e1n, #Ver<\/strong>.- El gobernador Cuitl\u00e1huac Garc\u00eda Jim\u00e9nez consider\u00f3 la entrega de t\u00edtulos de propiedad y certificados parcelarios como una retribuci\u00f3n al trabajo de mujeres y hombres que hacen producir la tierra, tambi\u00e9n resultado de la suma de esfuerzos de los tres \u00f3rdenes de gobierno.<\/p>\n\n\n\n<p>Apunt\u00f3 que esta pertenencia patrimonial hace honor igualmente a personajes que lucharon durante el movimiento agrarista en Veracruz, refiri\u00e9ndose a los grandes l\u00edderes campesinos \u00darsulo Galv\u00e1n y Jos\u00e9 Cardel, \u201cpor eso en nombre de ellos hacemos justicia al pueblo de Veracruz\u201d.<\/p>\n\n\n\n<p>Este viernes, cientos de familias de diversos ejidos recibieron 370 documentos en la cabecera municipal y otros 335 en la localidad Paso del Bobo; el mandatario anunci\u00f3 que el resto del semestre otorgar\u00e1n 150 y se comprometi\u00f3 a llevar 416 m\u00e1s a Zempoala el mes de septiembre.<\/p>\n\n\n\n<p>\u201cEs muy importante que nos coordinemos las autoridades municipales, estatales y federales, es lo mejor porque as\u00ed hay resultados\u201d, se\u00f1al\u00f3 tras agradecer el acompa\u00f1amiento de la Procuradur\u00eda Agraria y el Registro Agrario Nacional (RAN).<\/p>\n\n\n\n<p><strong>#ElVeracruzanoVip<\/strong><\/p>\n","protected":false},"excerpt":{"rendered":"<p>#\u00darsuloGalv\u00e1n, #Ver.- El gobernador Cuitl\u00e1huac Garc\u00eda Jim\u00e9nez consider\u00f3 la entrega de t\u00edtulos de propiedad y certificados parcelarios como una retribuci\u00f3n<\/p>\n","protected":false},"author":4,"featured_media":2449,"comment_status":"open","ping_status":"open","sticky":false,"template":"","format":"standard","meta":{"colormag_page_container_layout":"default_layout","colormag_page_sidebar_layout":"default_layout","rop_custom_images_group":[],"rop_custom_messages_group":[],"rop_publish_now":"initial","rop_publish_now_accounts":{"facebook_109133384920963_108472061465099":""},"rop_publish_now_history":[],"rop_publish_now_status":"pending","footnotes":""},"categories":[16],"tags":[17,26,20,18,19,84,21,23,22],"class_list":["post-2448","post","type-post","status-publish","format-standard","has-post-thumbnail","hentry","category-ultima-hora","tag-cuitlahuac-garcia-jimenez","tag-el-veracruzano-vip","tag-enterate","tag-gobierno-del-estado-de-veracruz","tag-redes-sociales","tag-secretaria-de-proteccion-civil-del-estado-de-veracruz","tag-ultima-hora","tag-ultimas-noticias","tag-ultimo-minuto"],"_links":{"self":[{"href":"http:\/\/elveracruzano.vip\/index.php?rest_route=\/wp\/v2\/posts\/2448","targetHints":{"allow":["GET"]}}],"collection":[{"href":"http:\/\/elveracruzano.vip\/index.php?rest_route=\/wp\/v2\/posts"}],"about":[{"href":"http:\/\/elveracruzano.vip\/index.php?rest_route=\/wp\/v2\/types\/post"}],"author":[{"embeddable":true,"href":"http:\/\/elveracruzano.vip\/index.php?rest_route=\/wp\/v2\/users\/4"}],"replies":[{"embeddable":true,"href":"http:\/\/elveracruzano.vip\/index.php?rest_route=%2Fwp%2Fv2%2Fcomments&post=2448"}],"version-history":[{"count":1,"href":"http:\/\/elveracruzano.vip\/index.php?rest_route=\/wp\/v2\/posts\/2448\/revisions"}],"predecessor-version":[{"id":2450,"href":"http:\/\/elveracruzano.vip\/index.php?rest_route=\/wp\/v2\/posts\/2448\/revisions\/2450"}],"wp:featuredmedia":[{"embeddable":true,"href":"http:\/\/elveracruzano.vip\/index.php?rest_route=\/wp\/v2\/media\/2449"}],"wp:attachment":[{"href":"http:\/\/elveracruzano.vip\/index.php?rest_route=%2Fwp%2Fv2%2Fmedia&parent=2448"}],"wp:term":[{"taxonomy":"category","embeddable":true,"href":"http:\/\/elveracruzano.vip\/index.php?rest_route=%2Fwp%2Fv2%2Fcategories&post=2448"},{"taxonomy":"post_tag","embeddable":true,"href":"http:\/\/elveracruzano.vip\/index.php?rest_route=%2Fwp%2Fv2%2Ftags&post=2448"}],"curies":[{"name":"wp","href":"https:\/\/api.w.org\/{rel}","templated":true}]}}