{"id":2423,"date":"2022-05-20T19:40:00","date_gmt":"2022-05-21T00:40:00","guid":{"rendered":"http:\/\/elveracruzano.vip\/?p=2423"},"modified":"2022-05-20T10:41:39","modified_gmt":"2022-05-20T15:41:39","slug":"ayuntamiento-de-tijuana-realiza-jornada-construyendo-bienestar","status":"publish","type":"post","link":"http:\/\/elveracruzano.vip\/?p=2423","title":{"rendered":"Ayuntamiento de Tijuana realiza jornada \u00abConstruyendo Bienestar\u00bb"},"content":{"rendered":"\n<p><strong>#Tijuana, #B.C<\/strong>.- Con el objetivo de brindar servicios en beneficio de la comunidad de la Delegaci\u00f3n Playas de Tijuana, el Ayuntamiento llev\u00f3 a cabo la Jornada \u00abConstruyendo Bienestar\u00bb, que se llev\u00f3 a cabo en la calle Manuel M. Di\u00e9guez, de la colonia L\u00e1zaro C\u00e1rdenas.<\/p>\n\n\n\n<p>Esta Actividad se desprende del programa \u00abDelegaci\u00f3n en Movimiento\u00bb, la cual dio inicio el pasado 16 de Mayo en la Delegaci\u00f3n Otay Centenario, teniendo como objetivo fundamental, acercar a los delegados y promotores sociales de las demarcaciones a los ciudadanos en sus hogares, escuelas o lugares de trabajo, para atender sus peticiones. Asimismo, como ejecutar desde la delegaci\u00f3n las obras de bacheo, reforestaci\u00f3n, limpieza e iluminaci\u00f3n de las calles.<\/p>\n\n\n\n<p>Durante un recorrido por los m\u00f3dulos instalados, donde adem\u00e1s se brindaron diferentes servicios a los residentes de las colonias que conforman la demarcaci\u00f3n, la Alcaldesa Montserrat Caballero Ram\u00edrez, estuvo acompa\u00f1ada por el secretario general de Gobierno, Jorge Antonio Salazar Miramontes; la delegada de Playas de Tijuana, Anabelle Contreras Pablos, y por la jefa delegacional de Desarrollo Comunitario, Ofelia Hern\u00e1ndez.<\/p>\n\n\n\n<p><strong>#ElVeracruzanoVip<\/strong><\/p>\n","protected":false},"excerpt":{"rendered":"<p>#Tijuana, #B.C.- Con el objetivo de brindar servicios en beneficio de la comunidad de la Delegaci\u00f3n Playas de Tijuana, el<\/p>\n","protected":false},"author":4,"featured_media":2424,"comment_status":"open","ping_status":"open","sticky":false,"template":"","format":"standard","meta":{"colormag_page_container_layout":"default_layout","colormag_page_sidebar_layout":"default_layout","rop_custom_images_group":[],"rop_custom_messages_group":[],"rop_publish_now":"initial","rop_publish_now_accounts":{"facebook_109133384920963_108472061465099":""},"rop_publish_now_history":[],"rop_publish_now_status":"pending","footnotes":""},"categories":[12],"tags":[68,26,20,79,95,19,21,23,22],"class_list":["post-2423","post","type-post","status-publish","format-standard","has-post-thumbnail","hentry","category-municipios-en-mexico","tag-ayuntamiento-de-tijuana","tag-el-veracruzano-vip","tag-enterate","tag-gobierno-del-estado-de-baja-california","tag-montserrat-caballero-ramirez","tag-redes-sociales","tag-ultima-hora","tag-ultimas-noticias","tag-ultimo-minuto"],"_links":{"self":[{"href":"http:\/\/elveracruzano.vip\/index.php?rest_route=\/wp\/v2\/posts\/2423","targetHints":{"allow":["GET"]}}],"collection":[{"href":"http:\/\/elveracruzano.vip\/index.php?rest_route=\/wp\/v2\/posts"}],"about":[{"href":"http:\/\/elveracruzano.vip\/index.php?rest_route=\/wp\/v2\/types\/post"}],"author":[{"embeddable":true,"href":"http:\/\/elveracruzano.vip\/index.php?rest_route=\/wp\/v2\/users\/4"}],"replies":[{"embeddable":true,"href":"http:\/\/elveracruzano.vip\/index.php?rest_route=%2Fwp%2Fv2%2Fcomments&post=2423"}],"version-history":[{"count":1,"href":"http:\/\/elveracruzano.vip\/index.php?rest_route=\/wp\/v2\/posts\/2423\/revisions"}],"predecessor-version":[{"id":2425,"href":"http:\/\/elveracruzano.vip\/index.php?rest_route=\/wp\/v2\/posts\/2423\/revisions\/2425"}],"wp:featuredmedia":[{"embeddable":true,"href":"http:\/\/elveracruzano.vip\/index.php?rest_route=\/wp\/v2\/media\/2424"}],"wp:attachment":[{"href":"http:\/\/elveracruzano.vip\/index.php?rest_route=%2Fwp%2Fv2%2Fmedia&parent=2423"}],"wp:term":[{"taxonomy":"category","embeddable":true,"href":"http:\/\/elveracruzano.vip\/index.php?rest_route=%2Fwp%2Fv2%2Fcategories&post=2423"},{"taxonomy":"post_tag","embeddable":true,"href":"http:\/\/elveracruzano.vip\/index.php?rest_route=%2Fwp%2Fv2%2Ftags&post=2423"}],"curies":[{"name":"wp","href":"https:\/\/api.w.org\/{rel}","templated":true}]}}